{"id":39964,"date":"2021-12-19T13:36:04","date_gmt":"2021-12-19T16:36:04","guid":{"rendered":"https:\/\/www.portalalerta.com.br\/?p=39964"},"modified":"2021-12-19T13:36:06","modified_gmt":"2021-12-19T16:36:06","slug":"quase-2-mil-pessoas-participam-de-processo-seletivo-para-o-cargo-de-agente-comunitario-de-saude-em-ribeira-do-pombal-ba","status":"publish","type":"post","link":"https:\/\/www.portalalerta.com.br\/index.php\/2021\/12\/19\/quase-2-mil-pessoas-participam-de-processo-seletivo-para-o-cargo-de-agente-comunitario-de-saude-em-ribeira-do-pombal-ba\/","title":{"rendered":"Quase 2 mil pessoas participam de processo seletivo para o cargo de Agente Comunit\u00e1rio de Sa\u00fade, em Ribeira do Pombal-BA"},"content":{"rendered":"\n<p>Quase 2 mil pessoas se inscreveram para a realiza\u00e7\u00e3o das provas do Processo Seletivo para o cargo de Agente Comunit\u00e1rio de Sa\u00fade, em Ribeira do Pombal-BA.<\/p>\n\n\n\n<!--more-->\n\n\n\n<div class=\"wp-block-image\"><figure class=\"alignleft size-large is-resized\"><img fetchpriority=\"high\" decoding=\"async\" src=\"https:\/\/www.portalalerta.com.br\/wp-content\/uploads\/2021\/04\/ELAB.jpg\" alt=\"\" class=\"wp-image-34795\" width=\"329\" height=\"263\" srcset=\"https:\/\/www.portalalerta.com.br\/wp-content\/uploads\/2021\/04\/ELAB.jpg 1000w, https:\/\/www.portalalerta.com.br\/wp-content\/uploads\/2021\/04\/ELAB-300x240.jpg 300w, https:\/\/www.portalalerta.com.br\/wp-content\/uploads\/2021\/04\/ELAB-768x614.jpg 768w, https:\/\/www.portalalerta.com.br\/wp-content\/uploads\/2021\/04\/ELAB-183x146.jpg 183w, https:\/\/www.portalalerta.com.br\/wp-content\/uploads\/2021\/04\/ELAB-50x40.jpg 50w, https:\/\/www.portalalerta.com.br\/wp-content\/uploads\/2021\/04\/ELAB-94x75.jpg 94w\" sizes=\"(max-width: 329px) 100vw, 329px\" \/><\/figure><\/div>\n\n\n\n<p>As provas foram realizadas na manh\u00e3 deste domingo (19). Ao todo s\u00e3o 20 vagas divididas por regi\u00e3o, al\u00e9m da possibilidade de Cadastro de Reserva.<\/p>\n\n\n\n<p>A previs\u00e3o \u00e9 que os resultados sejam divulgados no pr\u00f3ximo dia 30.<\/p>\n\n\n\n<p><em>Reda\u00e7\u00e3o: Portal Alerta &nbsp;<\/em><\/p>\n","protected":false},"excerpt":{"rendered":"<p>Quase 2 mil pessoas se inscreveram para a realiza\u00e7\u00e3o das provas do Processo Seletivo para o cargo de Agente Comunit\u00e1rio de Sa\u00fade, em Ribeira do Pombal-BA.<\/p>\n","protected":false},"author":2,"featured_media":3799,"comment_status":"open","ping_status":"open","sticky":false,"template":"","format":"standard","meta":{"om_disable_all_campaigns":false,"_monsterinsights_skip_tracking":false,"_monsterinsights_sitenote_active":false,"_monsterinsights_sitenote_note":"","_monsterinsights_sitenote_category":0,"footnotes":""},"categories":[70,69,32,3,19],"tags":[5109,511,47],"class_list":["post-39964","post","type-post","status-publish","format-standard","has-post-thumbnail","hentry","category-destaques","category-noticias2","category-regiao","category-ribeira-do-pombal","category-saude","tag-agente-comunitario-de-saude","tag-processo-seletivo","tag-ribeira-do-pombal"],"aioseo_notices":[],"_links":{"self":[{"href":"https:\/\/www.portalalerta.com.br\/index.php\/wp-json\/wp\/v2\/posts\/39964","targetHints":{"allow":["GET"]}}],"collection":[{"href":"https:\/\/www.portalalerta.com.br\/index.php\/wp-json\/wp\/v2\/posts"}],"about":[{"href":"https:\/\/www.portalalerta.com.br\/index.php\/wp-json\/wp\/v2\/types\/post"}],"author":[{"embeddable":true,"href":"https:\/\/www.portalalerta.com.br\/index.php\/wp-json\/wp\/v2\/users\/2"}],"replies":[{"embeddable":true,"href":"https:\/\/www.portalalerta.com.br\/index.php\/wp-json\/wp\/v2\/comments?post=39964"}],"version-history":[{"count":1,"href":"https:\/\/www.portalalerta.com.br\/index.php\/wp-json\/wp\/v2\/posts\/39964\/revisions"}],"predecessor-version":[{"id":39972,"href":"https:\/\/www.portalalerta.com.br\/index.php\/wp-json\/wp\/v2\/posts\/39964\/revisions\/39972"}],"wp:featuredmedia":[{"embeddable":true,"href":"https:\/\/www.portalalerta.com.br\/index.php\/wp-json\/wp\/v2\/media\/3799"}],"wp:attachment":[{"href":"https:\/\/www.portalalerta.com.br\/index.php\/wp-json\/wp\/v2\/media?parent=39964"}],"wp:term":[{"taxonomy":"category","embeddable":true,"href":"https:\/\/www.portalalerta.com.br\/index.php\/wp-json\/wp\/v2\/categories?post=39964"},{"taxonomy":"post_tag","embeddable":true,"href":"https:\/\/www.portalalerta.com.br\/index.php\/wp-json\/wp\/v2\/tags?post=39964"}],"curies":[{"name":"wp","href":"https:\/\/api.w.org\/{rel}","templated":true}]}}