{"id":39965,"date":"2021-12-19T13:30:52","date_gmt":"2021-12-19T16:30:52","guid":{"rendered":"https:\/\/www.portalalerta.com.br\/?p=39965"},"modified":"2021-12-19T13:30:53","modified_gmt":"2021-12-19T16:30:53","slug":"segurancas-atiram-em-carro-que-furou-bloqueio-no-palacio-do-jaburu-residencia-do-vice-presidente-da-republica","status":"publish","type":"post","link":"https:\/\/www.portalalerta.com.br\/index.php\/2021\/12\/19\/segurancas-atiram-em-carro-que-furou-bloqueio-no-palacio-do-jaburu-residencia-do-vice-presidente-da-republica\/","title":{"rendered":"Seguran\u00e7as atiram em carro que furou bloqueio no Pal\u00e1cio do Jaburu, resid\u00eancia do vice-presidente da Rep\u00fablica"},"content":{"rendered":"\n<p>Um homem embriagado furou o bloqueio de seguran\u00e7a do Pal\u00e1cio do Jaburu na madrugada deste s\u00e1bado (18).<\/p>\n\n\n\n<!--more-->\n\n\n\n<p>Ele dirigia um carro em velocidade acima do normal e s\u00f3 foi parado ap\u00f3s os respons\u00e1veis pela seguran\u00e7a da \u00e1rea dispararem contra os pneus. O Pal\u00e1cio do Jaburu \u00e9 a resid\u00eancia oficial do vice-presidente da Rep\u00fablica, Hamilton Mour\u00e3o.<\/p>\n\n\n\n<p>O epis\u00f3dio ocorreu por volta da 1h30. Antes de ser parado, o homem avan\u00e7ou com seu ve\u00edculo na contram\u00e3o, ultrapassando o bloqueio do Pal\u00e1cio do Jaburu sem autoriza\u00e7\u00e3o.<\/p>\n\n\n\n<p>Segundo a Secretaria Especial de Comunica\u00e7\u00e3o Social (Secom) da Presid\u00eancia da Rep\u00fablica, a pol\u00edcia foi acionada.<\/p>\n\n\n\n<p>Ap\u00f3s retirarem o homem do ve\u00edculo, verificou-se que ele estava <strong><em>\u201cvisivelmente embriagado\u201d<\/em><\/strong>. <strong><em>\u201cA equipe o conduziu ao IML (Instituto M\u00e9dico-Legal) e \u00e0 delegacia de Pol\u00edcia Federal para os procedimentos de autua\u00e7\u00e3o\u201d<\/em><\/strong>, informou a Secom.<\/p>\n\n\n\n<p><em>Fonte: Ag\u00eancia Brasil<\/em><\/p>\n","protected":false},"excerpt":{"rendered":"<p>Um homem embriagado furou o bloqueio de seguran\u00e7a do Pal\u00e1cio do Jaburu na madrugada deste s\u00e1bado (18).<\/p>\n","protected":false},"author":2,"featured_media":39970,"comment_status":"open","ping_status":"open","sticky":false,"template":"","format":"standard","meta":{"om_disable_all_campaigns":false,"_monsterinsights_skip_tracking":false,"_monsterinsights_sitenote_active":false,"_monsterinsights_sitenote_note":"","_monsterinsights_sitenote_category":0,"footnotes":""},"categories":[34,70,69,21,22],"tags":[93,4335,2531,5139,5138,164],"class_list":["post-39965","post","type-post","status-publish","format-standard","has-post-thumbnail","hentry","category-brasil","category-destaques","category-noticias2","category-politica","category-seguranca","tag-brasil","tag-hamilton-mourao","tag-invasao","tag-palacio-do-jaburu","tag-seguran","tag-tiros"],"aioseo_notices":[],"_links":{"self":[{"href":"https:\/\/www.portalalerta.com.br\/index.php\/wp-json\/wp\/v2\/posts\/39965","targetHints":{"allow":["GET"]}}],"collection":[{"href":"https:\/\/www.portalalerta.com.br\/index.php\/wp-json\/wp\/v2\/posts"}],"about":[{"href":"https:\/\/www.portalalerta.com.br\/index.php\/wp-json\/wp\/v2\/types\/post"}],"author":[{"embeddable":true,"href":"https:\/\/www.portalalerta.com.br\/index.php\/wp-json\/wp\/v2\/users\/2"}],"replies":[{"embeddable":true,"href":"https:\/\/www.portalalerta.com.br\/index.php\/wp-json\/wp\/v2\/comments?post=39965"}],"version-history":[{"count":1,"href":"https:\/\/www.portalalerta.com.br\/index.php\/wp-json\/wp\/v2\/posts\/39965\/revisions"}],"predecessor-version":[{"id":39971,"href":"https:\/\/www.portalalerta.com.br\/index.php\/wp-json\/wp\/v2\/posts\/39965\/revisions\/39971"}],"wp:featuredmedia":[{"embeddable":true,"href":"https:\/\/www.portalalerta.com.br\/index.php\/wp-json\/wp\/v2\/media\/39970"}],"wp:attachment":[{"href":"https:\/\/www.portalalerta.com.br\/index.php\/wp-json\/wp\/v2\/media?parent=39965"}],"wp:term":[{"taxonomy":"category","embeddable":true,"href":"https:\/\/www.portalalerta.com.br\/index.php\/wp-json\/wp\/v2\/categories?post=39965"},{"taxonomy":"post_tag","embeddable":true,"href":"https:\/\/www.portalalerta.com.br\/index.php\/wp-json\/wp\/v2\/tags?post=39965"}],"curies":[{"name":"wp","href":"https:\/\/api.w.org\/{rel}","templated":true}]}}