{"id":39973,"date":"2021-12-20T07:00:00","date_gmt":"2021-12-20T10:00:00","guid":{"rendered":"https:\/\/www.portalalerta.com.br\/?p=39973"},"modified":"2021-12-19T17:58:12","modified_gmt":"2021-12-19T20:58:12","slug":"elevador-superlotado-cai-e-deixa-feridos-em-florianopolis","status":"publish","type":"post","link":"https:\/\/www.portalalerta.com.br\/index.php\/2021\/12\/20\/elevador-superlotado-cai-e-deixa-feridos-em-florianopolis\/","title":{"rendered":"Elevador superlotado cai e deixa feridos em Florian\u00f3polis"},"content":{"rendered":"\n<p>Tr\u00eas pessoas ficaram feridas na queda de um elevador superlotado no centro de Florian\u00f3polis, na manh\u00e3 deste s\u00e1bado (18).<\/p>\n\n\n\n<!--more-->\n\n\n\n<p>O Corpo de Bombeiros da cidade foi acionado \u00e0s 11h58 para o atendimento \u00e0s v\u00edtimas. Segundo reportagem do portal G1, o acidente ocorreu um pr\u00e9dio comercial da capital de Santa Catarina.<\/p>\n\n\n\n<p>Segundo os socorristas, o elevador tem capacidade de levar tr\u00eas pessoas, mas havia nove. Por\u00e9m, os bombeiros afirmaram que, neste primeiro momento, n\u00e3o \u00e9 poss\u00edvel atribuir a queda ao excesso de peso.<\/p>\n\n\n\n<div class=\"wp-block-image\"><figure class=\"aligncenter size-large\"><img fetchpriority=\"high\" decoding=\"async\" width=\"720\" height=\"181\" src=\"https:\/\/www.portalalerta.com.br\/wp-content\/uploads\/2018\/02\/Auto-Escola-Nobre.jpg\" alt=\"\" class=\"wp-image-4869\" srcset=\"https:\/\/www.portalalerta.com.br\/wp-content\/uploads\/2018\/02\/Auto-Escola-Nobre.jpg 720w, https:\/\/www.portalalerta.com.br\/wp-content\/uploads\/2018\/02\/Auto-Escola-Nobre-260x65.jpg 260w, https:\/\/www.portalalerta.com.br\/wp-content\/uploads\/2018\/02\/Auto-Escola-Nobre-50x13.jpg 50w, https:\/\/www.portalalerta.com.br\/wp-content\/uploads\/2018\/02\/Auto-Escola-Nobre-150x38.jpg 150w\" sizes=\"(max-width: 720px) 100vw, 720px\" \/><\/figure><\/div>\n\n\n\n<p>Os feridos tiveram les\u00f5es no quadril e nas pernas, e foram levados ao hospital. As outras pessoas que estavam no elevador recusaram atendimento, conforme os bombeiros.<\/p>\n\n\n\n<p>A queda come\u00e7ou no terceiro pavimento e terminou no t\u00e9rreo. Os bombeiros afirmaram que o elevador caiu de forma brusca e com impacto.<\/p>\n\n\n\n<p>Al\u00e9m das les\u00f5es nas pessoas, a queda provocou danos na lumin\u00e1ria e espelhos, de acordo com o portal G1.<\/p>\n\n\n\n<p><em>Fonte: Yahoo Not\u00edcias<\/em><\/p>\n","protected":false},"excerpt":{"rendered":"<p>Tr\u00eas pessoas ficaram feridas na queda de um elevador superlotado no centro de Florian\u00f3polis, na manh\u00e3 deste s\u00e1bado (18).<\/p>\n","protected":false},"author":2,"featured_media":39981,"comment_status":"open","ping_status":"open","sticky":false,"template":"","format":"standard","meta":{"om_disable_all_campaigns":false,"_monsterinsights_skip_tracking":false,"_monsterinsights_sitenote_active":false,"_monsterinsights_sitenote_note":"","_monsterinsights_sitenote_category":0,"footnotes":""},"categories":[34,70,69],"tags":[166,93,2033,393,4056],"class_list":["post-39973","post","type-post","status-publish","format-standard","has-post-thumbnail","hentry","category-brasil","category-destaques","category-noticias2","tag-acidente","tag-brasil","tag-elevador","tag-feridos","tag-florianopolis"],"aioseo_notices":[],"_links":{"self":[{"href":"https:\/\/www.portalalerta.com.br\/index.php\/wp-json\/wp\/v2\/posts\/39973","targetHints":{"allow":["GET"]}}],"collection":[{"href":"https:\/\/www.portalalerta.com.br\/index.php\/wp-json\/wp\/v2\/posts"}],"about":[{"href":"https:\/\/www.portalalerta.com.br\/index.php\/wp-json\/wp\/v2\/types\/post"}],"author":[{"embeddable":true,"href":"https:\/\/www.portalalerta.com.br\/index.php\/wp-json\/wp\/v2\/users\/2"}],"replies":[{"embeddable":true,"href":"https:\/\/www.portalalerta.com.br\/index.php\/wp-json\/wp\/v2\/comments?post=39973"}],"version-history":[{"count":1,"href":"https:\/\/www.portalalerta.com.br\/index.php\/wp-json\/wp\/v2\/posts\/39973\/revisions"}],"predecessor-version":[{"id":39982,"href":"https:\/\/www.portalalerta.com.br\/index.php\/wp-json\/wp\/v2\/posts\/39973\/revisions\/39982"}],"wp:featuredmedia":[{"embeddable":true,"href":"https:\/\/www.portalalerta.com.br\/index.php\/wp-json\/wp\/v2\/media\/39981"}],"wp:attachment":[{"href":"https:\/\/www.portalalerta.com.br\/index.php\/wp-json\/wp\/v2\/media?parent=39973"}],"wp:term":[{"taxonomy":"category","embeddable":true,"href":"https:\/\/www.portalalerta.com.br\/index.php\/wp-json\/wp\/v2\/categories?post=39973"},{"taxonomy":"post_tag","embeddable":true,"href":"https:\/\/www.portalalerta.com.br\/index.php\/wp-json\/wp\/v2\/tags?post=39973"}],"curies":[{"name":"wp","href":"https:\/\/api.w.org\/{rel}","templated":true}]}}