{"id":39974,"date":"2021-12-20T07:01:00","date_gmt":"2021-12-20T10:01:00","guid":{"rendered":"https:\/\/www.portalalerta.com.br\/?p=39974"},"modified":"2021-12-19T18:02:59","modified_gmt":"2021-12-19T21:02:59","slug":"prefeitura-de-tucano-ba-antecipa-feira-livre-nos-dias-de-natal-e-reveillon","status":"publish","type":"post","link":"https:\/\/www.portalalerta.com.br\/index.php\/2021\/12\/20\/prefeitura-de-tucano-ba-antecipa-feira-livre-nos-dias-de-natal-e-reveillon\/","title":{"rendered":"Prefeitura de Tucano-BA antecipa Feira livre nos dias de Natal e R\u00e9veillon"},"content":{"rendered":"\n<p>O Prefeito de Tucano, Ricardo Maia, antecipou atrav\u00e9s de decreto municipal n\u00ba 303 publicado no dia 14 de dezembro de 2021, a realiza\u00e7\u00e3o da tradicional feira livre na sede do munic\u00edpio, excepcionalmente, para os dias 24 e 31 de dezembro de 2021 (sexta-feira), em virtude dos festejos de fim de ano.<\/p>\n\n\n\n<!--more-->\n\n\n\n<figure class=\"wp-block-image size-large\"><img decoding=\"async\" src=\"https:\/\/www.portalalerta.com.br\/wp-content\/uploads\/2021\/12\/Real-Natal-1024x131.jpg\" alt=\"\" class=\"wp-image-39853\"\/><\/figure>\n\n\n\n<p>Vale ressaltar que a realiza\u00e7\u00e3o da feira livre ser\u00e1 retomada aos dias habituais a partir do dia 8 de janeiro de 2022.<\/p>\n\n\n\n<p><em>Fonte: Fique Por Dentro Agora<\/em><\/p>\n","protected":false},"excerpt":{"rendered":"<p>O Prefeito de Tucano, Ricardo Maia, antecipou atrav\u00e9s de decreto municipal n\u00ba 303 publicado no dia 14 de dezembro de 2021, a realiza\u00e7\u00e3o da tradicional feira livre na sede do munic\u00edpio, excepcionalmente, para os dias 24 e 31 de dezembro de 2021 (sexta-feira), em virtude dos festejos de fim de ano.<\/p>\n","protected":false},"author":2,"featured_media":39983,"comment_status":"open","ping_status":"open","sticky":false,"template":"","format":"standard","meta":{"om_disable_all_campaigns":false,"_monsterinsights_skip_tracking":false,"_monsterinsights_sitenote_active":false,"_monsterinsights_sitenote_note":"","_monsterinsights_sitenote_category":0,"footnotes":""},"categories":[70,69,32,12],"tags":[2991,1308,3674,1908,198,3816,3908,190],"class_list":["post-39974","post","type-post","status-publish","format-standard","has-post-thumbnail","hentry","category-destaques","category-noticias2","category-regiao","category-tucano","tag-decreto-municipal","tag-feira-livre","tag-feriados","tag-natal","tag-prefeito","tag-reveillon","tag-ricardo-maia-filho","tag-tucano"],"aioseo_notices":[],"_links":{"self":[{"href":"https:\/\/www.portalalerta.com.br\/index.php\/wp-json\/wp\/v2\/posts\/39974","targetHints":{"allow":["GET"]}}],"collection":[{"href":"https:\/\/www.portalalerta.com.br\/index.php\/wp-json\/wp\/v2\/posts"}],"about":[{"href":"https:\/\/www.portalalerta.com.br\/index.php\/wp-json\/wp\/v2\/types\/post"}],"author":[{"embeddable":true,"href":"https:\/\/www.portalalerta.com.br\/index.php\/wp-json\/wp\/v2\/users\/2"}],"replies":[{"embeddable":true,"href":"https:\/\/www.portalalerta.com.br\/index.php\/wp-json\/wp\/v2\/comments?post=39974"}],"version-history":[{"count":1,"href":"https:\/\/www.portalalerta.com.br\/index.php\/wp-json\/wp\/v2\/posts\/39974\/revisions"}],"predecessor-version":[{"id":39984,"href":"https:\/\/www.portalalerta.com.br\/index.php\/wp-json\/wp\/v2\/posts\/39974\/revisions\/39984"}],"wp:featuredmedia":[{"embeddable":true,"href":"https:\/\/www.portalalerta.com.br\/index.php\/wp-json\/wp\/v2\/media\/39983"}],"wp:attachment":[{"href":"https:\/\/www.portalalerta.com.br\/index.php\/wp-json\/wp\/v2\/media?parent=39974"}],"wp:term":[{"taxonomy":"category","embeddable":true,"href":"https:\/\/www.portalalerta.com.br\/index.php\/wp-json\/wp\/v2\/categories?post=39974"},{"taxonomy":"post_tag","embeddable":true,"href":"https:\/\/www.portalalerta.com.br\/index.php\/wp-json\/wp\/v2\/tags?post=39974"}],"curies":[{"name":"wp","href":"https:\/\/api.w.org\/{rel}","templated":true}]}}