{"id":39976,"date":"2021-12-20T12:00:00","date_gmt":"2021-12-20T15:00:00","guid":{"rendered":"https:\/\/www.portalalerta.com.br\/?p=39976"},"modified":"2021-12-19T18:44:16","modified_gmt":"2021-12-19T21:44:16","slug":"candidatura-de-sergio-moro-cria-conflitos-para-o-podemos-em-14-estados","status":"publish","type":"post","link":"https:\/\/www.portalalerta.com.br\/index.php\/2021\/12\/20\/candidatura-de-sergio-moro-cria-conflitos-para-o-podemos-em-14-estados\/","title":{"rendered":"Candidatura de Sergio Moro cria conflitos para o Podemos em 14 estados"},"content":{"rendered":"\n<p>Anunciada h\u00e1 um m\u00eas, a pr\u00e9-candidatura de Sergio Moro \u00e0 Presid\u00eancia entrou em choque com alian\u00e7as costuradas pelo Podemos ao longo do ano em 14 estados. Em pelo menos seis deles, pode haver mudan\u00e7as nos planos de chapas ao governo e ao Senado, num reposicionamento que abriria espa\u00e7o a aliados de Moro em locais como Rio e Bahia. Nos outros oito estados, o partido tenta ratificar acordos para apoiar candidatos ao governo que receber\u00e3o outros presidenci\u00e1veis em seus palanques.<\/p>\n\n\n\n<!--more-->\n\n\n\n<p>Rio e S\u00e3o Paulo s\u00e3o exemplos de estados nos quais a candidatura de Moro tem gerado press\u00f5es para um novo desenho de alian\u00e7as. O presidente do partido no Rio, Patrique Welber, que \u00e9 secret\u00e1rio estadual de Trabalho, deseja manter alian\u00e7a com o governador Cl\u00e1udio Castro (PL), que apoiar\u00e1 o presidente Jair Bolsonaro, rec\u00e9m-filiado ao PL e desafeto de Moro. Apesar de Welber ter o aval da presidente nacional do Podemos, a deputada Renata Abreu (SP), outras lideran\u00e7as nacionais, como o senador \u00c1lvaro Dias (PR), defendem que a sigla precisar\u00e1 de palanque pr\u00f3prio no Rio.<\/p>\n\n\n\n<p>No estado de Renata Abreu, Moro tem apoio expl\u00edcito de lideran\u00e7as do Movimento Brasil Livre (MBL), grupo que deve lan\u00e7ar ao governo o deputado estadual Arthur do Val, hoje no Patriota. Antes da filia\u00e7\u00e3o do ex-juiz, quando a prioridade eram candidaturas \u00e0 C\u00e2mara, o Podemos acenou com autonomia para suas lideran\u00e7as locais apoiarem candidatos a governo de outras siglas, inclusive ligadas \u00e0 esquerda. Os prefeitos do Podemos de cidades como S\u00e3o Vicente e Tabo\u00e3o da Serra abriram canais com nomes como M\u00e1rcio Fran\u00e7a (PSB) e Fernando Haddad (PT), respectivamente.<\/p>\n\n\n\n<p>Na Bahia, Moro convidou a ex-ministra do Superior Tribunal de Justi\u00e7a (STJ) Eliana Calmon a participar de sua campanha, sem descartar seu nome numa chapa a governo ou Senado. O presidente do diret\u00f3rio baiano do Podemos, por\u00e9m, \u00e9 o deputado federal Bacelar, que pretende se manter ligado ao governador Rui Costa (PT).<\/p>\n\n\n\n<div class=\"wp-block-image\"><figure class=\"aligncenter size-large\"><img fetchpriority=\"high\" decoding=\"async\" width=\"720\" height=\"181\" src=\"https:\/\/www.portalalerta.com.br\/wp-content\/uploads\/2018\/02\/Auto-Escola-Nobre.jpg\" alt=\"\" class=\"wp-image-4869\" srcset=\"https:\/\/www.portalalerta.com.br\/wp-content\/uploads\/2018\/02\/Auto-Escola-Nobre.jpg 720w, https:\/\/www.portalalerta.com.br\/wp-content\/uploads\/2018\/02\/Auto-Escola-Nobre-260x65.jpg 260w, https:\/\/www.portalalerta.com.br\/wp-content\/uploads\/2018\/02\/Auto-Escola-Nobre-50x13.jpg 50w, https:\/\/www.portalalerta.com.br\/wp-content\/uploads\/2018\/02\/Auto-Escola-Nobre-150x38.jpg 150w\" sizes=\"(max-width: 720px) 100vw, 720px\" \/><\/figure><\/div>\n\n\n\n<p>Tamb\u00e9m h\u00e1 situa\u00e7\u00f5es conflituosas no Amap\u00e1 e no Mato Grosso, onde pr\u00e9-candidatos do Podemos s\u00e3o alinhados a Bolsonaro. O deputado Jos\u00e9 Medeiros (MT), que quer concorrer a senador, deve deixar o partido. Outra lideran\u00e7a da sigla no estado \u00e9 o ex-vereador de Cuiab\u00e1 Ab\u00edlio Brunini, cotado para uma candidatura \u00e0 C\u00e2mara, tamb\u00e9m apoiador do presidente. J\u00e1 no estado do Norte, o Podemos filiou em abril o bolsonarista Cirilo Fernandes para disputar o Senado. Cirilo concorreu \u00e0 prefeitura de Macap\u00e1 em 2020, pelo PRTB, apostando na vincula\u00e7\u00e3o a Bolsonaro, e planeja estrat\u00e9gia similar em 2022. Ele \u00e9 aliado do vice-governador Jaime Nunes (PROS) e do prefeito da capital, Dr. Furlan (Cidadania), que ainda n\u00e3o definiram palanque presidencial.<\/p>\n\n\n\n<p>\u2014 <strong><em>Quando vim, n\u00e3o sabia que Moro se filiaria. Falei com a dire\u00e7\u00e3o sobre a dificuldade que teria, j\u00e1 que meus votos v\u00eam muito da base do Bolsonaro. Como \u00e9 um estado pequeno, n\u00e3o sei se ele (Moro) ter\u00e1 a preocupa\u00e7\u00e3o de vir aqui<\/em><\/strong> \u2014 afirma Cirilo.<\/p>\n\n\n\n<p>Em outros dois estados, apesar do apoio local a Moro, a candidatura presidencial tende a dificultar a rela\u00e7\u00e3o com aliados. No Acre, o ex-deputado Ney Amorim, que foi filiado ao PT e \u00e9 aliado do governador Gladson Cameli (PP), filiou-se ao Podemos neste ano e passou a planejar uma candidatura ao Senado ap\u00f3s a filia\u00e7\u00e3o de Moro. Com isso, pode enfrentar a senadora Mailza Gomes (PP), caso ela dispute a reelei\u00e7\u00e3o, al\u00e9m do ex-correligion\u00e1rio Jorge Viana (PT). No Distrito Federal, o partido tem estimulado que o senador Reguffe concorra ao governo. Ele, contudo, vinha avaliando disputar novo mandato no Senado e conversa com outros postulantes ao governo, como Izalci Lucas (PSDB) e Leila Barros (Cidadania).<\/p>\n\n\n\n<p>\u2014 <strong><em>Reguffe tem autoriza\u00e7\u00e3o para escolher o que achar melhor, mas entendemos como ideal que viesse ao governo. Isso passa por uma constru\u00e7\u00e3o para formar uma candidatura forte em 2022 junto aos partidos com os quais temos di\u00e1logo <\/em><\/strong>\u2014 diz o presidente do Podemos no DF, Cristian Viana.<\/p>\n\n\n\n<p>Nos oito estados em que h\u00e1 possibilidade de acordos para manter alian\u00e7as atuais, a despeito de conflitos, em seis \u2014 <strong>Alagoas, Para\u00edba, Amazonas, Par\u00e1, Esp\u00edrito Santo e Minas Gerais<\/strong> \u2014 o Podemos \u00e9 aliado de governadores que podem sequer receber Moro. Nesses casos, o partido faria palanques separados para o ex-juiz. J\u00e1 no Tocantins, a sigla lan\u00e7ar\u00e1 ao governo o ex-prefeito de Aragua\u00edna Ronaldo Dimas, que pode afastar-se de outros palanques presidenciais, mas deve manter alian\u00e7a com o senador Eduardo Gomes (MDB), l\u00edder do governo Bolsonaro no Congresso.<\/p>\n\n\n\n<p><em>Fonte: Yahoo Not\u00edcias<\/em><\/p>\n","protected":false},"excerpt":{"rendered":"<p>Anunciada h\u00e1 um m\u00eas, a pr\u00e9-candidatura de Sergio Moro \u00e0 Presid\u00eancia entrou em choque com alian\u00e7as costuradas pelo Podemos ao longo do ano em 14 estados. Em pelo menos seis deles, pode haver mudan\u00e7as nos planos de chapas ao governo e ao Senado, num reposicionamento que abriria espa\u00e7o a aliados de Moro em locais como &hellip;<\/p>\n","protected":false},"author":2,"featured_media":29206,"comment_status":"open","ping_status":"open","sticky":false,"template":"","format":"standard","meta":{"om_disable_all_campaigns":false,"_monsterinsights_skip_tracking":false,"_monsterinsights_sitenote_active":false,"_monsterinsights_sitenote_note":"","_monsterinsights_sitenote_category":0,"footnotes":""},"categories":[34,70,69,21],"tags":[93,3181,2914,443],"class_list":["post-39976","post","type-post","status-publish","format-standard","has-post-thumbnail","hentry","category-brasil","category-destaques","category-noticias2","category-politica","tag-brasil","tag-eleicoes-2022","tag-podemos","tag-sergio-moro"],"aioseo_notices":[],"_links":{"self":[{"href":"https:\/\/www.portalalerta.com.br\/index.php\/wp-json\/wp\/v2\/posts\/39976","targetHints":{"allow":["GET"]}}],"collection":[{"href":"https:\/\/www.portalalerta.com.br\/index.php\/wp-json\/wp\/v2\/posts"}],"about":[{"href":"https:\/\/www.portalalerta.com.br\/index.php\/wp-json\/wp\/v2\/types\/post"}],"author":[{"embeddable":true,"href":"https:\/\/www.portalalerta.com.br\/index.php\/wp-json\/wp\/v2\/users\/2"}],"replies":[{"embeddable":true,"href":"https:\/\/www.portalalerta.com.br\/index.php\/wp-json\/wp\/v2\/comments?post=39976"}],"version-history":[{"count":1,"href":"https:\/\/www.portalalerta.com.br\/index.php\/wp-json\/wp\/v2\/posts\/39976\/revisions"}],"predecessor-version":[{"id":39988,"href":"https:\/\/www.portalalerta.com.br\/index.php\/wp-json\/wp\/v2\/posts\/39976\/revisions\/39988"}],"wp:featuredmedia":[{"embeddable":true,"href":"https:\/\/www.portalalerta.com.br\/index.php\/wp-json\/wp\/v2\/media\/29206"}],"wp:attachment":[{"href":"https:\/\/www.portalalerta.com.br\/index.php\/wp-json\/wp\/v2\/media?parent=39976"}],"wp:term":[{"taxonomy":"category","embeddable":true,"href":"https:\/\/www.portalalerta.com.br\/index.php\/wp-json\/wp\/v2\/categories?post=39976"},{"taxonomy":"post_tag","embeddable":true,"href":"https:\/\/www.portalalerta.com.br\/index.php\/wp-json\/wp\/v2\/tags?post=39976"}],"curies":[{"name":"wp","href":"https:\/\/api.w.org\/{rel}","templated":true}]}}