{"id":39977,"date":"2021-12-20T07:02:00","date_gmt":"2021-12-20T10:02:00","guid":{"rendered":"https:\/\/www.portalalerta.com.br\/?p=39977"},"modified":"2021-12-19T18:08:42","modified_gmt":"2021-12-19T21:08:42","slug":"filho-de-bolsonaro-jair-renan-falta-a-depoimento-na-pf-sobre-suposto-trafico-de-influencia","status":"publish","type":"post","link":"https:\/\/www.portalalerta.com.br\/index.php\/2021\/12\/20\/filho-de-bolsonaro-jair-renan-falta-a-depoimento-na-pf-sobre-suposto-trafico-de-influencia\/","title":{"rendered":"Filho de Bolsonaro, Jair Renan falta a depoimento na PF sobre suposto tr\u00e1fico de influ\u00eancia"},"content":{"rendered":"\n<p><strong>Pol\u00edcia Federal apura se Jair Renan Bolsonaro atuou junto ao governo em benef\u00edcio da pr\u00f3pria empresa. Depoimento deve ser remarcado; filho de Bolsonaro tem &#8216;nova virose&#8217;, diz advogado.<\/strong><\/p>\n\n\n\n<!--more-->\n\n\n\n<p>Filho mais jovem do presidente\u00a0Jair Bolsonaro, Jair Renan Bolsonaro n\u00e3o compareceu ao depoimento \u00e0\u00a0Pol\u00edcia Federal\u00a0que havia sido agendado para esta sexta-feira (17). A PF apura se Jair Renan cometeu os crimes de tr\u00e1fico de influ\u00eancia e lavagem de dinheiro.<\/p>\n\n\n\n<p>O inqu\u00e9rito foi aberto em mar\u00e7o a pedido do Minist\u00e9rio P\u00fablico Federal, com base em den\u00fancia apresentada por parlamentares de oposi\u00e7\u00e3o ao governo. O depoimento deve ser remarcado para a pr\u00f3xima semana, segundo apurou a TV Globo.<\/p>\n\n\n\n<div class=\"wp-block-image\"><figure class=\"alignleft size-large\"><img fetchpriority=\"high\" decoding=\"async\" width=\"299\" height=\"300\" src=\"https:\/\/www.portalalerta.com.br\/wp-content\/uploads\/2021\/07\/A-Voz-do-Sertao.1.jpg\" alt=\"\" class=\"wp-image-36575\" srcset=\"https:\/\/www.portalalerta.com.br\/wp-content\/uploads\/2021\/07\/A-Voz-do-Sertao.1.jpg 299w, https:\/\/www.portalalerta.com.br\/wp-content\/uploads\/2021\/07\/A-Voz-do-Sertao.1-239x240.jpg 239w, https:\/\/www.portalalerta.com.br\/wp-content\/uploads\/2021\/07\/A-Voz-do-Sertao.1-146x146.jpg 146w, https:\/\/www.portalalerta.com.br\/wp-content\/uploads\/2021\/07\/A-Voz-do-Sertao.1-50x50.jpg 50w, https:\/\/www.portalalerta.com.br\/wp-content\/uploads\/2021\/07\/A-Voz-do-Sertao.1-75x75.jpg 75w, https:\/\/www.portalalerta.com.br\/wp-content\/uploads\/2021\/07\/A-Voz-do-Sertao.1-85x85.jpg 85w, https:\/\/www.portalalerta.com.br\/wp-content\/uploads\/2021\/07\/A-Voz-do-Sertao.1-80x80.jpg 80w\" sizes=\"(max-width: 299px) 100vw, 299px\" \/><\/figure><\/div>\n\n\n\n<p>O advogado Frederick Wassef, que defende Jair Renan, disse \u00e0 TV Globo que o filho mais novo do presidente <strong><em>\u201cest\u00e1 de cama e tomando antibi\u00f3tico entre outros medicamentos\u201d<\/em><\/strong> e, por isso, faltou ao depoimento.<\/p>\n\n\n\n<p><strong><em>\u201c[Ele] foi v\u00edtima desta nova virose que se espalhou pelo Rio de Janeiro e S\u00e3o Paulo\u201d<\/em><\/strong>, afirmou Wassef.<\/p>\n\n\n\n<p>De acordo com o advogado, o inqu\u00e9rito faz parte de \u201catos coordenados para atingir o presidente Bolsonaro\u201d e que Jair Renan n\u00e3o recebeu vantagens indevidas.<\/p>\n\n\n\n<p><strong>Entenda a investiga\u00e7\u00e3o<\/strong><\/p>\n\n\n\n<p>A PF investiga se Jair Renan atuou a favor da empresa dele junto ao governo federal.<\/p>\n\n\n\n<p>A Bolsonaro Jr Eventos e M\u00eddia foi criada no final do ano passado. A festa de inaugura\u00e7\u00e3o do escrit\u00f3rio teve cobertura de fotos e v\u00eddeos feita de gra\u00e7a por uma produtora que prestava servi\u00e7os para o governo federal.<\/p>\n\n\n\n<p>Nas redes sociais da empresa do filho do presidente havia, \u00e0 \u00e9poca da abertura das investiga\u00e7\u00f5es, fotos de duas pe\u00e7as de m\u00e1rmore que decoram o escrit\u00f3rio.<\/p>\n\n\n\n<p>A empresa Gramazini, do ramo de minera\u00e7\u00e3o e constru\u00e7\u00e3o, foi marcada nessa publica\u00e7\u00e3o. Um dos s\u00f3cios da Gramazini foi \u00e0 festa de inaugura\u00e7\u00e3o da empresa.<\/p>\n\n\n\n<p>Um parceiro comercial do filho do presidente, Allan Lucena, que dividia o escrit\u00f3rio com ele, disse que ganhou um carro el\u00e9trico da empresa Neon Motors, ligada a esse mesmo grupo empresarial, como revelou o jornal &#8220;O Globo&#8221;.<\/p>\n\n\n\n<p>Em um v\u00eddeo, Allan Lucena aparece saindo do carro que, segundo ele, foi doado pelas empresas <strong>&#8220;Gramazine e grupo WK&#8221;<\/strong>.<\/p>\n\n\n\n<p>Em outro v\u00eddeo, publicado na rede social de uma empresa envolvida na doa\u00e7\u00e3o, \u00e9 poss\u00edvel ver Renan caminhando no p\u00e1tio de uma empresa de granito do grupo, no Esp\u00edrito Santo. Ao fundo, aparece um carro como o que foi doado ao parceiro do filho do presidente.<\/p>\n\n\n\n<p>A PF investiga se, em novembro do ano passado, Renan Bolsonaro atuou para que o grupo empresarial conseguisse duas reuni\u00f5es no Minist\u00e9rio do Desenvolvimento Regional para falar sobre um projeto de constru\u00e7\u00e3o de casas populares.<\/p>\n\n\n\n<p>\u00c0 \u00e9poca da abertura do inqu\u00e9rito, o Minist\u00e9rio do Desenvolvimento Regional disse que as reuni\u00f5es foram marcadas a pedido de Jair Fonseca, um assessor especial do presidente da Rep\u00fablica.<\/p>\n\n\n\n<p>Renan Bolsonaro e o parceiro comercial dele, Allan Lucena, participaram pessoalmente das duas reuni\u00f5es no minist\u00e9rio, ao lado de empres\u00e1rios \u2014 um deles da Gramazini \u2014 em novembro do ano passado.<\/p>\n\n\n\n<p>Em uma dessas reuni\u00f5es, o ministro Rog\u00e9rio Marinho (Desenvolvimento Regional) estava presente. Na agenda p\u00fablica, s\u00f3 o nome do assessor da presid\u00eancia aparece \u2014 n\u00e3o h\u00e1 men\u00e7\u00f5es ao filho do presidente ou aos empres\u00e1rios.<\/p>\n\n\n\n<p><em>Fonte: G1<\/em><\/p>\n","protected":false},"excerpt":{"rendered":"<p>Pol\u00edcia Federal apura se Jair Renan Bolsonaro atuou junto ao governo em benef\u00edcio da pr\u00f3pria empresa. Depoimento deve ser remarcado; filho de Bolsonaro tem &#8216;nova virose&#8217;, diz advogado.<\/p>\n","protected":false},"author":2,"featured_media":38520,"comment_status":"open","ping_status":"open","sticky":false,"template":"","format":"standard","meta":{"om_disable_all_campaigns":false,"_monsterinsights_skip_tracking":false,"_monsterinsights_sitenote_active":false,"_monsterinsights_sitenote_note":"","_monsterinsights_sitenote_category":0,"footnotes":""},"categories":[34,70,69,21],"tags":[93,413,3743,173,4976],"class_list":["post-39977","post","type-post","status-publish","format-standard","has-post-thumbnail","hentry","category-brasil","category-destaques","category-noticias2","category-politica","tag-brasil","tag-depoimento","tag-frederick-wassef","tag-policia-federal","tag-renan-bolsonaro"],"aioseo_notices":[],"_links":{"self":[{"href":"https:\/\/www.portalalerta.com.br\/index.php\/wp-json\/wp\/v2\/posts\/39977","targetHints":{"allow":["GET"]}}],"collection":[{"href":"https:\/\/www.portalalerta.com.br\/index.php\/wp-json\/wp\/v2\/posts"}],"about":[{"href":"https:\/\/www.portalalerta.com.br\/index.php\/wp-json\/wp\/v2\/types\/post"}],"author":[{"embeddable":true,"href":"https:\/\/www.portalalerta.com.br\/index.php\/wp-json\/wp\/v2\/users\/2"}],"replies":[{"embeddable":true,"href":"https:\/\/www.portalalerta.com.br\/index.php\/wp-json\/wp\/v2\/comments?post=39977"}],"version-history":[{"count":1,"href":"https:\/\/www.portalalerta.com.br\/index.php\/wp-json\/wp\/v2\/posts\/39977\/revisions"}],"predecessor-version":[{"id":39985,"href":"https:\/\/www.portalalerta.com.br\/index.php\/wp-json\/wp\/v2\/posts\/39977\/revisions\/39985"}],"wp:featuredmedia":[{"embeddable":true,"href":"https:\/\/www.portalalerta.com.br\/index.php\/wp-json\/wp\/v2\/media\/38520"}],"wp:attachment":[{"href":"https:\/\/www.portalalerta.com.br\/index.php\/wp-json\/wp\/v2\/media?parent=39977"}],"wp:term":[{"taxonomy":"category","embeddable":true,"href":"https:\/\/www.portalalerta.com.br\/index.php\/wp-json\/wp\/v2\/categories?post=39977"},{"taxonomy":"post_tag","embeddable":true,"href":"https:\/\/www.portalalerta.com.br\/index.php\/wp-json\/wp\/v2\/tags?post=39977"}],"curies":[{"name":"wp","href":"https:\/\/api.w.org\/{rel}","templated":true}]}}