{"id":39978,"date":"2021-12-20T12:01:00","date_gmt":"2021-12-20T15:01:00","guid":{"rendered":"https:\/\/www.portalalerta.com.br\/?p=39978"},"modified":"2021-12-19T18:51:49","modified_gmt":"2021-12-19T21:51:49","slug":"policia-civil-apreende-garota-com-drogas-e-arma-de-fogo-em-tobias-barreto-se","status":"publish","type":"post","link":"https:\/\/www.portalalerta.com.br\/index.php\/2021\/12\/20\/policia-civil-apreende-garota-com-drogas-e-arma-de-fogo-em-tobias-barreto-se\/","title":{"rendered":"Pol\u00edcia Civil apreende garota com drogas e arma de fogo, em Tobias Barreto-SE"},"content":{"rendered":"\n<p>Na tarde&nbsp;de s\u00e1bado (18) policiais civis lotados em Tobias Barreto-SE apreenderam 300g de maconha e 100g de crack, bem como um rev\u00f3lver calibre .38, com 5 muni\u00e7\u00f5es do mesmo calibre, todas intactas.&nbsp;<\/p>\n\n\n\n<!--more-->\n\n\n\n<div class=\"wp-block-image\"><figure class=\"aligncenter size-large\"><img decoding=\"async\" src=\"https:\/\/www.portalalerta.com.br\/wp-content\/uploads\/2021\/12\/Real-Natal-1024x131.jpg\" alt=\"\" class=\"wp-image-39853\"\/><\/figure><\/div>\n\n\n\n<p>O material estava em poder de uma adolescente que foi apreendida em flagrante, por atos infracionais equivalente ao tr\u00e1fico il\u00edcito de entorpecentes e porte ilegal de arma de fogo.<\/p>\n\n\n\n<p><em>Fonte: Itapicuru Not\u00edcias<\/em><\/p>\n","protected":false},"excerpt":{"rendered":"<p>Na tarde&nbsp;de s\u00e1bado (18) policiais civis lotados em Tobias Barreto-SE apreenderam 300g de maconha e 100g de crack, bem como um rev\u00f3lver calibre .38, com 5 muni\u00e7\u00f5es do mesmo calibre, todas intactas.&nbsp;<\/p>\n","protected":false},"author":2,"featured_media":39989,"comment_status":"open","ping_status":"open","sticky":false,"template":"","format":"standard","meta":{"om_disable_all_campaigns":false,"_monsterinsights_skip_tracking":false,"_monsterinsights_sitenote_active":false,"_monsterinsights_sitenote_note":"","_monsterinsights_sitenote_category":0,"footnotes":""},"categories":[34,70,69,22],"tags":[143,3390,3385,122,83,172,76],"class_list":["post-39978","post","type-post","status-publish","format-standard","has-post-thumbnail","hentry","category-brasil","category-destaques","category-noticias2","category-seguranca","tag-apreensao","tag-menor-de-idade","tag-menor-infrator","tag-policia-civil","tag-porte-ilegal-de-arma-de-fogo","tag-tobias-barreto","tag-trafico-de-drogas"],"aioseo_notices":[],"_links":{"self":[{"href":"https:\/\/www.portalalerta.com.br\/index.php\/wp-json\/wp\/v2\/posts\/39978","targetHints":{"allow":["GET"]}}],"collection":[{"href":"https:\/\/www.portalalerta.com.br\/index.php\/wp-json\/wp\/v2\/posts"}],"about":[{"href":"https:\/\/www.portalalerta.com.br\/index.php\/wp-json\/wp\/v2\/types\/post"}],"author":[{"embeddable":true,"href":"https:\/\/www.portalalerta.com.br\/index.php\/wp-json\/wp\/v2\/users\/2"}],"replies":[{"embeddable":true,"href":"https:\/\/www.portalalerta.com.br\/index.php\/wp-json\/wp\/v2\/comments?post=39978"}],"version-history":[{"count":1,"href":"https:\/\/www.portalalerta.com.br\/index.php\/wp-json\/wp\/v2\/posts\/39978\/revisions"}],"predecessor-version":[{"id":39990,"href":"https:\/\/www.portalalerta.com.br\/index.php\/wp-json\/wp\/v2\/posts\/39978\/revisions\/39990"}],"wp:featuredmedia":[{"embeddable":true,"href":"https:\/\/www.portalalerta.com.br\/index.php\/wp-json\/wp\/v2\/media\/39989"}],"wp:attachment":[{"href":"https:\/\/www.portalalerta.com.br\/index.php\/wp-json\/wp\/v2\/media?parent=39978"}],"wp:term":[{"taxonomy":"category","embeddable":true,"href":"https:\/\/www.portalalerta.com.br\/index.php\/wp-json\/wp\/v2\/categories?post=39978"},{"taxonomy":"post_tag","embeddable":true,"href":"https:\/\/www.portalalerta.com.br\/index.php\/wp-json\/wp\/v2\/tags?post=39978"}],"curies":[{"name":"wp","href":"https:\/\/api.w.org\/{rel}","templated":true}]}}