{"id":39980,"date":"2021-12-20T12:03:00","date_gmt":"2021-12-20T15:03:00","guid":{"rendered":"https:\/\/www.portalalerta.com.br\/?p=39980"},"modified":"2021-12-19T19:01:22","modified_gmt":"2021-12-19T22:01:22","slug":"prefeito-de-ribeira-do-pombal-ba-se-reune-com-secretaria-de-educacao-e-presidente-da-camara-para-definir-projeto-de-rateio-do-fundeb","status":"publish","type":"post","link":"https:\/\/www.portalalerta.com.br\/index.php\/2021\/12\/20\/prefeito-de-ribeira-do-pombal-ba-se-reune-com-secretaria-de-educacao-e-presidente-da-camara-para-definir-projeto-de-rateio-do-fundeb\/","title":{"rendered":"Prefeito de Ribeira do Pombal-BA se re\u00fane com secret\u00e1ria de educa\u00e7\u00e3o e presidente da C\u00e2mara, para definir projeto de rateio do Fundeb"},"content":{"rendered":"\n<p>Na manh\u00e3 do \u00faltimo domingo (19), o prefeito de Ribeira do Pombal-BA, se reuniu com a secret\u00e1ria de Educa\u00e7\u00e3o Aline Silva, e o presidente da C\u00e2mara de Vereadores, Roberto Alc\u00e2ntara (Bebeto).<\/p>\n\n\n\n<!--more-->\n\n\n\n<div class=\"wp-block-image\"><figure class=\"alignleft size-large is-resized\"><img fetchpriority=\"high\" decoding=\"async\" src=\"https:\/\/www.portalalerta.com.br\/wp-content\/uploads\/2021\/04\/ELAB.jpg\" alt=\"\" class=\"wp-image-34795\" width=\"295\" height=\"236\" srcset=\"https:\/\/www.portalalerta.com.br\/wp-content\/uploads\/2021\/04\/ELAB.jpg 1000w, https:\/\/www.portalalerta.com.br\/wp-content\/uploads\/2021\/04\/ELAB-300x240.jpg 300w, https:\/\/www.portalalerta.com.br\/wp-content\/uploads\/2021\/04\/ELAB-768x614.jpg 768w, https:\/\/www.portalalerta.com.br\/wp-content\/uploads\/2021\/04\/ELAB-183x146.jpg 183w, https:\/\/www.portalalerta.com.br\/wp-content\/uploads\/2021\/04\/ELAB-50x40.jpg 50w, https:\/\/www.portalalerta.com.br\/wp-content\/uploads\/2021\/04\/ELAB-94x75.jpg 94w\" sizes=\"(max-width: 295px) 100vw, 295px\" \/><\/figure><\/div>\n\n\n\n<p>A Pauta da reuni\u00e3o se resumiu no envio do Projeto de Lei que visa garantir o rateio de recursos do Fundeb 70%, entre os profissionais da educa\u00e7\u00e3o.<\/p>\n\n\n\n<p>Vale ressaltar, que o rateio em quest\u00e3o, somente ser\u00e1 poss\u00edvel, caso haja sobra da referida verba.<\/p>\n\n\n\n<p><em>Reda\u00e7\u00e3o: Portal Alerta<\/em><\/p>\n","protected":false},"excerpt":{"rendered":"<p>Na manh\u00e3 do \u00faltimo domingo (19), o prefeito de Ribeira do Pombal-BA, se reuniu com a secret\u00e1ria de Educa\u00e7\u00e3o Aline Silva, e o presidente da C\u00e2mara de Vereadores, Roberto Alc\u00e2ntara (Bebeto).<\/p>\n","protected":false},"author":2,"featured_media":39992,"comment_status":"open","ping_status":"open","sticky":false,"template":"","format":"standard","meta":{"om_disable_all_campaigns":false,"_monsterinsights_skip_tracking":false,"_monsterinsights_sitenote_active":false,"_monsterinsights_sitenote_note":"","_monsterinsights_sitenote_category":0,"footnotes":""},"categories":[70,20,69,21,32,3],"tags":[4159,747,140,3400,2136,198,1454,5132,47,4674],"class_list":["post-39980","post","type-post","status-publish","format-standard","has-post-thumbnail","hentry","category-destaques","category-educacao","category-noticias2","category-politica","category-regiao","category-ribeira-do-pombal","tag-aline-silva","tag-bebeto","tag-educacao","tag-eriksson-silva","tag-fundeb","tag-prefeito","tag-presidente-da-camara","tag-rateio","tag-ribeira-do-pombal","tag-secretaria-de-educacao-2"],"aioseo_notices":[],"_links":{"self":[{"href":"https:\/\/www.portalalerta.com.br\/index.php\/wp-json\/wp\/v2\/posts\/39980","targetHints":{"allow":["GET"]}}],"collection":[{"href":"https:\/\/www.portalalerta.com.br\/index.php\/wp-json\/wp\/v2\/posts"}],"about":[{"href":"https:\/\/www.portalalerta.com.br\/index.php\/wp-json\/wp\/v2\/types\/post"}],"author":[{"embeddable":true,"href":"https:\/\/www.portalalerta.com.br\/index.php\/wp-json\/wp\/v2\/users\/2"}],"replies":[{"embeddable":true,"href":"https:\/\/www.portalalerta.com.br\/index.php\/wp-json\/wp\/v2\/comments?post=39980"}],"version-history":[{"count":1,"href":"https:\/\/www.portalalerta.com.br\/index.php\/wp-json\/wp\/v2\/posts\/39980\/revisions"}],"predecessor-version":[{"id":39993,"href":"https:\/\/www.portalalerta.com.br\/index.php\/wp-json\/wp\/v2\/posts\/39980\/revisions\/39993"}],"wp:featuredmedia":[{"embeddable":true,"href":"https:\/\/www.portalalerta.com.br\/index.php\/wp-json\/wp\/v2\/media\/39992"}],"wp:attachment":[{"href":"https:\/\/www.portalalerta.com.br\/index.php\/wp-json\/wp\/v2\/media?parent=39980"}],"wp:term":[{"taxonomy":"category","embeddable":true,"href":"https:\/\/www.portalalerta.com.br\/index.php\/wp-json\/wp\/v2\/categories?post=39980"},{"taxonomy":"post_tag","embeddable":true,"href":"https:\/\/www.portalalerta.com.br\/index.php\/wp-json\/wp\/v2\/tags?post=39980"}],"curies":[{"name":"wp","href":"https:\/\/api.w.org\/{rel}","templated":true}]}}