{"id":39994,"date":"2021-12-20T18:00:00","date_gmt":"2021-12-20T21:00:00","guid":{"rendered":"https:\/\/www.portalalerta.com.br\/?p=39994"},"modified":"2021-12-20T16:13:43","modified_gmt":"2021-12-20T19:13:43","slug":"gabriel-boric-derrota-jose-antonio-kast-e-e-eleito-presidente-do-chile","status":"publish","type":"post","link":"https:\/\/www.portalalerta.com.br\/index.php\/2021\/12\/20\/gabriel-boric-derrota-jose-antonio-kast-e-e-eleito-presidente-do-chile\/","title":{"rendered":"Gabriel Boric derrota Jos\u00e9 Antonio Kast e \u00e9 eleito presidente do Chile"},"content":{"rendered":"\n<p>Com mais de 99% das mesas apuradas, Boric obteve cerca de 56% dos votos, e j\u00e1 \u00e9 considerado o pr\u00f3ximo presidente do pa\u00eds at\u00e9 2026<\/p>\n\n\n\n<!--more-->\n\n\n\n<p>O deputado e ex-l\u00edder estudantil\u00a0Gabriel Boric, de esquerda, ganhou o segundo turno das elei\u00e7\u00f5es presidenciais do Chile neste domingo (19), segundo o Servi\u00e7o Eleitoral do pa\u00eds. Seu advers\u00e1rio, o advogado\u00a0Jos\u00e9 Antonio Kast, de extrema-direita, fez uma publica\u00e7\u00e3o no Twitter em que reconheceu a vit\u00f3ria do representante da alian\u00e7a Apruebo Dignidad (Eu aprovo a dignidade, em tradu\u00e7\u00e3o).<\/p>\n\n\n\n<p>Em sua conta no Twitter, Kast, da alian\u00e7a Fronte Social-Crist\u00e3o, escreveu: <strong><em>\u201cAcabei de falar com Gabriel Boric e parabeniz\u00e1-lo pela grande vit\u00f3ria. A partir de hoje \u00e9 o Presidente eleito do Chile e merece todo o nosso respeito e colabora\u00e7\u00e3o construtiva. Chile em primeiro lugar\u201d<\/em><\/strong>.<\/p>\n\n\n\n<p>Por volta das 20h21, Boric tinha 55,86% dos votos v\u00e1lidos, enquanto Kast tinha 44,14%, com 99,47% das urnas apuradas. O candidato de esquerda ter\u00e1 um mandato de quatro anos, a partir de 2022.<\/p>\n\n\n\n<div class=\"wp-block-image\"><figure class=\"aligncenter size-large\"><img fetchpriority=\"high\" decoding=\"async\" width=\"720\" height=\"181\" src=\"https:\/\/www.portalalerta.com.br\/wp-content\/uploads\/2018\/02\/Auto-Escola-Nobre.jpg\" alt=\"\" class=\"wp-image-4869\" srcset=\"https:\/\/www.portalalerta.com.br\/wp-content\/uploads\/2018\/02\/Auto-Escola-Nobre.jpg 720w, https:\/\/www.portalalerta.com.br\/wp-content\/uploads\/2018\/02\/Auto-Escola-Nobre-260x65.jpg 260w, https:\/\/www.portalalerta.com.br\/wp-content\/uploads\/2018\/02\/Auto-Escola-Nobre-50x13.jpg 50w, https:\/\/www.portalalerta.com.br\/wp-content\/uploads\/2018\/02\/Auto-Escola-Nobre-150x38.jpg 150w\" sizes=\"(max-width: 720px) 100vw, 720px\" \/><\/figure><\/div>\n\n\n\n<p>Somando votos nulos (0,84%) e em branco (0,29%), 8.347 milh\u00f5es de chilenos votaram, n\u00famero superior aos cerca de 7 milh\u00f5es no primeiro turno. Ao todo, 15 milh\u00f5es de pessoas poderiam participar do pleito. O voto no Chile n\u00e3o \u00e9 obrigat\u00f3rio.<\/p>\n\n\n\n<p>Boric, um jovem de 35 anos, fez uma publica\u00e7\u00e3o no Instagram ap\u00f3s a vit\u00f3ria. <strong><em>\u201cSomos unidade. Somos esperan\u00e7a. Somos mais quando estamos juntos. Seguimos!\u201d<\/em><\/strong>, disse.<\/p>\n\n\n\n<p>O resultado \u00e9 uma revers\u00e3o do primeiro turno, em 21 de novembro, quando Kast ficou em primeiro lugar com 27,91% dos votos, e Boric em segundo, com 25,82%. O vitorioso precisa ter mais de 50% dos votos v\u00e1lidos.<\/p>\n\n\n\n<p>O novo presidente eleito suceder\u00e1\u00a0Sebastian Pi\u00f1era, de direita, que encerrar\u00e1 um mandato marcado por uma s\u00e9rie de protestos em 2019, alimentados pela insatisfa\u00e7\u00e3o com a desigualdade econ\u00f4mica no pa\u00eds, e pela\u00a0pandemia\u00a0de Covid-19.<\/p>\n\n\n\n<p><strong>Propostas<\/strong><\/p>\n\n\n\n<p>O segundo turno foi o primeiro desde a redemocratiza\u00e7\u00e3o do Chile, na d\u00e9cada de 1990, que n\u00e3o contou com as tradicionais for\u00e7as pol\u00edticas, de centro-esquerda e centro-direita.<\/p>\n\n\n\n<p>Os dois candidatos acabaram representando uma guinada para extremos no pa\u00eds. Kast defendeu ao longo da campanha o legado do ditador chileno Augusto Pinochet. Ao mesmo tempo, fez duras cr\u00edticas a Boric, aproveitando-se do fato do pol\u00edtico ser aliado do Partido Comunista do Chile.<\/p>\n\n\n\n<p>J\u00e1 Boric prometeu impedir um avan\u00e7o do autoritarismo e do conservadorismo no pa\u00eds, enquanto Kast afirmou <strong><em>que \u201co Chile n\u00e3o \u00e9 e nunca ser\u00e1 uma na\u00e7\u00e3o comunista ou marxista\u201d<\/em><\/strong>.<\/p>\n\n\n\n<p>Economicamente, Boric defendeu ao longo da campanha uma reforma tribut\u00e1ria e no sistema previdenci\u00e1rio. Ele tamb\u00e9m quer aumentar os impostos para empresas privadas que exploram cobre, principal produto de exporta\u00e7\u00e3o do Chile. J\u00e1 Kast se colocou favor\u00e1vel a cortar impostos, e j\u00e1 sugeriu que privatizaria a Codelco, empresa estatal que explora cobre.<\/p>\n\n\n\n<p>Boric tamb\u00e9m chegou a dizer que o modelo econ\u00f4mico do Chile, ainda muito atrelado ao neoliberalismo implementado durante a ditadura de Pinochet, foi respons\u00e1vel por alimentar a desigualdade no pa\u00eds, e precisa ser substitu\u00eddo.<\/p>\n\n\n\n<p>Kast elogia o sistema, e promete ser um candidato que defender\u00e1 a <strong>\u201clei e a ordem\u201d<\/strong> no pa\u00eds, com posi\u00e7\u00e3o dura em rela\u00e7\u00e3o \u00e0 imigra\u00e7\u00e3o ilegal. Ele se posicionou contra o aborto e o casamento entre pessoas de mesmo sexo, enquanto Boric se colocou como favor\u00e1vel aos dois pontos, assim como \u00e0 legaliza\u00e7\u00e3o da maconha.<\/p>\n\n\n\n<p><strong>Cen\u00e1rio interno<\/strong><\/p>\n\n\n\n<p>Al\u00e9m do primeiro turno da elei\u00e7\u00e3o presidencial, os chilenos tamb\u00e9m elegeram em novembro todos os 155 deputados do pa\u00eds e 27 dos 50 senadores.<\/p>\n\n\n\n<p>A alian\u00e7a de Boric, chamada de Apruebo Dignidad, conquistou 37 assentos, enquanto a de Kast, Fronte Social-Crist\u00e3o, ficou com 15. O grande vencedor foi o Chile Podemos M\u00e1s, com 53, alian\u00e7a que engloba partidos apoiadores de Pi\u00f1era.<\/p>\n\n\n\n<p>O Novo Pacto Social, de centro-esquerda e que representou o governo da ex-presidente Michelle Bachelet, ficou com 37. Yasna Provoste, candidata do grupo, ficou em quinto lugar, com 11% dos votos, e declarou apoio a Boric. J\u00e1 Sebasti\u00e1n Sichel, candidato do Chile Podemos M\u00e1s, ficou em quarto, com 12%, e apoiou Kast.<\/p>\n\n\n\n<p>Outra grande novidade foi o empres\u00e1rio Franco Parisi. Populista e com discurso cr\u00edtico \u00e0 classe pol\u00edtica, ele ficou em terceiro lugar, quase 13% dos votos, mesmo sem ter feito campanha presencial no pa\u00eds. At\u00e9 o momento, ele se aproximou mais de Kast.<\/p>\n\n\n\n<p>Somando partidos menores de esquerda, o bloco \u00e0 esquerda conseguiu uma maioria na Casa, mas pequena. J\u00e1 no Senado, ser\u00e3o os senadores independentes que determinar\u00e3o qual bloco ter\u00e1 maioria.<\/p>\n\n\n\n<p>H\u00e1, ainda, a nova Constitui\u00e7\u00e3o do pa\u00eds, que precisar\u00e1 ser aprovada em um referendo. Com uma maioria progressista, ela deve estar mais alinhada \u00e0s propostas de Boric que \u00e0s de Kast.<\/p>\n\n\n\n<p><em>Fonte: CNN<\/em><\/p>\n","protected":false},"excerpt":{"rendered":"<p>Com mais de 99% das mesas apuradas, Boric obteve cerca de 56% dos votos, e j\u00e1 \u00e9 considerado o pr\u00f3ximo presidente do pa\u00eds at\u00e9 2026<\/p>\n","protected":false},"author":2,"featured_media":39998,"comment_status":"open","ping_status":"open","sticky":false,"template":"","format":"standard","meta":{"om_disable_all_campaigns":false,"_monsterinsights_skip_tracking":false,"_monsterinsights_sitenote_active":false,"_monsterinsights_sitenote_note":"","_monsterinsights_sitenote_category":0,"footnotes":""},"categories":[70,35,69,21],"tags":[1772,381,5140,339,94],"class_list":["post-39994","post","type-post","status-publish","format-standard","has-post-thumbnail","hentry","category-destaques","category-mundo","category-noticias2","category-politica","tag-chile","tag-eleicoes","tag-gabriel-boric","tag-mundo","tag-presidente"],"aioseo_notices":[],"_links":{"self":[{"href":"https:\/\/www.portalalerta.com.br\/index.php\/wp-json\/wp\/v2\/posts\/39994","targetHints":{"allow":["GET"]}}],"collection":[{"href":"https:\/\/www.portalalerta.com.br\/index.php\/wp-json\/wp\/v2\/posts"}],"about":[{"href":"https:\/\/www.portalalerta.com.br\/index.php\/wp-json\/wp\/v2\/types\/post"}],"author":[{"embeddable":true,"href":"https:\/\/www.portalalerta.com.br\/index.php\/wp-json\/wp\/v2\/users\/2"}],"replies":[{"embeddable":true,"href":"https:\/\/www.portalalerta.com.br\/index.php\/wp-json\/wp\/v2\/comments?post=39994"}],"version-history":[{"count":1,"href":"https:\/\/www.portalalerta.com.br\/index.php\/wp-json\/wp\/v2\/posts\/39994\/revisions"}],"predecessor-version":[{"id":39999,"href":"https:\/\/www.portalalerta.com.br\/index.php\/wp-json\/wp\/v2\/posts\/39994\/revisions\/39999"}],"wp:featuredmedia":[{"embeddable":true,"href":"https:\/\/www.portalalerta.com.br\/index.php\/wp-json\/wp\/v2\/media\/39998"}],"wp:attachment":[{"href":"https:\/\/www.portalalerta.com.br\/index.php\/wp-json\/wp\/v2\/media?parent=39994"}],"wp:term":[{"taxonomy":"category","embeddable":true,"href":"https:\/\/www.portalalerta.com.br\/index.php\/wp-json\/wp\/v2\/categories?post=39994"},{"taxonomy":"post_tag","embeddable":true,"href":"https:\/\/www.portalalerta.com.br\/index.php\/wp-json\/wp\/v2\/tags?post=39994"}],"curies":[{"name":"wp","href":"https:\/\/api.w.org\/{rel}","templated":true}]}}