{"id":39995,"date":"2021-12-20T18:01:00","date_gmt":"2021-12-20T21:01:00","guid":{"rendered":"https:\/\/www.portalalerta.com.br\/?p=39995"},"modified":"2021-12-20T16:29:20","modified_gmt":"2021-12-20T19:29:20","slug":"acidente-de-transito-deixa-uma-vitima-fatal-em-adustina-ba","status":"publish","type":"post","link":"https:\/\/www.portalalerta.com.br\/index.php\/2021\/12\/20\/acidente-de-transito-deixa-uma-vitima-fatal-em-adustina-ba\/","title":{"rendered":"Acidente de tr\u00e2nsito deixa uma v\u00edtima fatal em Adustina-BA"},"content":{"rendered":"\n<p>Na noite do \u00faltimo domingo (19), um acidente de tr\u00e2nsito envolvendo uma picape Fiat Strada e uma moto, deixou uma v\u00edtima fatal.<\/p>\n\n\n\n<!--more-->\n\n\n\n<div class=\"wp-block-image\"><figure class=\"aligncenter size-large\"><img decoding=\"async\" src=\"https:\/\/www.portalalerta.com.br\/wp-content\/uploads\/2021\/12\/Real-Natal-1024x131.jpg\" alt=\"\" class=\"wp-image-39853\"\/><\/figure><\/div>\n\n\n\n<p>O acidente aconteceu na BA 084, na entrada do Povoado Baixa Vermelha. De acordo com informa\u00e7\u00f5es preliminares, o condutor da picape fugiu, deixando o ve\u00edculo no local. J\u00e1 Ronai Santana de Souza, que conduzia a moto Honda Bros, de dados n\u00e3o informados, n\u00e3o resistiu aos ferimentos e teve o seu \u00f3bito constatado no local.<\/p>\n\n\n\n<p>O caso foi informado ao Departamento de Pol\u00edcia T\u00e9cnica (DPT \u2013 Euclides da Cunha), que realizou a per\u00edcia no local. Ainda de acordo com informa\u00e7\u00f5es, a pol\u00edcia j\u00e1 identificou o outro envolvido no acidente.<\/p>\n\n\n\n<p><em>Reda\u00e7\u00e3o: Portal Alerta<\/em><\/p>\n","protected":false},"excerpt":{"rendered":"<p>Na noite do \u00faltimo domingo (19), um acidente de tr\u00e2nsito envolvendo uma picape Fiat Strada e uma moto, deixou uma v\u00edtima fatal.<\/p>\n","protected":false},"author":2,"featured_media":3579,"comment_status":"open","ping_status":"open","sticky":false,"template":"","format":"standard","meta":{"om_disable_all_campaigns":false,"_monsterinsights_skip_tracking":false,"_monsterinsights_sitenote_active":false,"_monsterinsights_sitenote_note":"","_monsterinsights_sitenote_category":0,"footnotes":""},"categories":[40,70,69,32],"tags":[166,100,878,169],"class_list":["post-39995","post","type-post","status-publish","format-standard","has-post-thumbnail","hentry","category-adustina","category-destaques","category-noticias2","category-regiao","tag-acidente","tag-adustina","tag-ba-084","tag-morte"],"aioseo_notices":[],"_links":{"self":[{"href":"https:\/\/www.portalalerta.com.br\/index.php\/wp-json\/wp\/v2\/posts\/39995","targetHints":{"allow":["GET"]}}],"collection":[{"href":"https:\/\/www.portalalerta.com.br\/index.php\/wp-json\/wp\/v2\/posts"}],"about":[{"href":"https:\/\/www.portalalerta.com.br\/index.php\/wp-json\/wp\/v2\/types\/post"}],"author":[{"embeddable":true,"href":"https:\/\/www.portalalerta.com.br\/index.php\/wp-json\/wp\/v2\/users\/2"}],"replies":[{"embeddable":true,"href":"https:\/\/www.portalalerta.com.br\/index.php\/wp-json\/wp\/v2\/comments?post=39995"}],"version-history":[{"count":1,"href":"https:\/\/www.portalalerta.com.br\/index.php\/wp-json\/wp\/v2\/posts\/39995\/revisions"}],"predecessor-version":[{"id":40000,"href":"https:\/\/www.portalalerta.com.br\/index.php\/wp-json\/wp\/v2\/posts\/39995\/revisions\/40000"}],"wp:featuredmedia":[{"embeddable":true,"href":"https:\/\/www.portalalerta.com.br\/index.php\/wp-json\/wp\/v2\/media\/3579"}],"wp:attachment":[{"href":"https:\/\/www.portalalerta.com.br\/index.php\/wp-json\/wp\/v2\/media?parent=39995"}],"wp:term":[{"taxonomy":"category","embeddable":true,"href":"https:\/\/www.portalalerta.com.br\/index.php\/wp-json\/wp\/v2\/categories?post=39995"},{"taxonomy":"post_tag","embeddable":true,"href":"https:\/\/www.portalalerta.com.br\/index.php\/wp-json\/wp\/v2\/tags?post=39995"}],"curies":[{"name":"wp","href":"https:\/\/api.w.org\/{rel}","templated":true}]}}