{"id":39997,"date":"2021-12-20T18:02:00","date_gmt":"2021-12-20T21:02:00","guid":{"rendered":"https:\/\/www.portalalerta.com.br\/?p=39997"},"modified":"2021-12-20T16:34:12","modified_gmt":"2021-12-20T19:34:12","slug":"lula-e-alckmin-tem-primeiro-encontro-publico-e-se-alinham-para-formacao-de-chapa","status":"publish","type":"post","link":"https:\/\/www.portalalerta.com.br\/index.php\/2021\/12\/20\/lula-e-alckmin-tem-primeiro-encontro-publico-e-se-alinham-para-formacao-de-chapa\/","title":{"rendered":"Lula e Alckmin t\u00eam primeiro encontro p\u00fablico e se alinham para forma\u00e7\u00e3o de chapa"},"content":{"rendered":"\n<p>O ex-presidente Luiz In\u00e1cio Lula da Silva (PT) e o ex-governador de S\u00e3o Paulo Geraldo Alckmin (sem partido) fizeram a primeira apari\u00e7\u00e3o p\u00fablica juntos durante um jantar promovido pelo grupo de advogados Prerrogativas, na noite de domingo (19), em S\u00e3o Paulo.&nbsp;<\/p>\n\n\n\n<!--more-->\n\n\n\n<div class=\"wp-block-image\"><figure class=\"alignleft size-large\"><img fetchpriority=\"high\" decoding=\"async\" width=\"299\" height=\"300\" src=\"https:\/\/www.portalalerta.com.br\/wp-content\/uploads\/2021\/07\/A-Voz-do-Sertao.1.jpg\" alt=\"\" class=\"wp-image-36575\" srcset=\"https:\/\/www.portalalerta.com.br\/wp-content\/uploads\/2021\/07\/A-Voz-do-Sertao.1.jpg 299w, https:\/\/www.portalalerta.com.br\/wp-content\/uploads\/2021\/07\/A-Voz-do-Sertao.1-239x240.jpg 239w, https:\/\/www.portalalerta.com.br\/wp-content\/uploads\/2021\/07\/A-Voz-do-Sertao.1-146x146.jpg 146w, https:\/\/www.portalalerta.com.br\/wp-content\/uploads\/2021\/07\/A-Voz-do-Sertao.1-50x50.jpg 50w, https:\/\/www.portalalerta.com.br\/wp-content\/uploads\/2021\/07\/A-Voz-do-Sertao.1-75x75.jpg 75w, https:\/\/www.portalalerta.com.br\/wp-content\/uploads\/2021\/07\/A-Voz-do-Sertao.1-85x85.jpg 85w, https:\/\/www.portalalerta.com.br\/wp-content\/uploads\/2021\/07\/A-Voz-do-Sertao.1-80x80.jpg 80w\" sizes=\"(max-width: 299px) 100vw, 299px\" \/><\/figure><\/div>\n\n\n\n<p>O ex-tucano pode ser o vice na chapa que ser\u00e1 encabe\u00e7ada pelo petista na disputa pelo Pal\u00e1cio do Planalto em 2022. Alckmin&nbsp;se desfiliou do PSDB&nbsp;na semana passada, legenda que ajudou a fundar em 1988. O tucano hist\u00f3rico estava insatisfeito na sigla, ap\u00f3s a ascens\u00e3o do seu ex-aliado Jo\u00e3o Doria, atual governante paulista, com quem se desentendeu em 2018.&nbsp;<\/p>\n\n\n\n<p>O evento foi visto como um forte indicativo de que a alian\u00e7a entre os antigos advers\u00e1rios deve se concretizada, e que pode ser anunciada j\u00e1 no in\u00edcio do ano que vem. Ainda sem partido, Alckmin conversa com PSB, PSD e tamb\u00e9m com o Uni\u00e3o Brasil.<\/p>\n\n\n\n<p><em>Fonte: A Voz do Campo<\/em><\/p>\n","protected":false},"excerpt":{"rendered":"<p>O ex-presidente Luiz In\u00e1cio Lula da Silva (PT) e o ex-governador de S\u00e3o Paulo Geraldo Alckmin (sem partido) fizeram a primeira apari\u00e7\u00e3o p\u00fablica juntos durante um jantar promovido pelo grupo de advogados Prerrogativas, na noite de domingo (19), em S\u00e3o Paulo.&nbsp;<\/p>\n","protected":false},"author":2,"featured_media":40001,"comment_status":"open","ping_status":"open","sticky":false,"template":"","format":"standard","meta":{"om_disable_all_campaigns":false,"_monsterinsights_skip_tracking":false,"_monsterinsights_sitenote_active":false,"_monsterinsights_sitenote_note":"","_monsterinsights_sitenote_category":0,"footnotes":""},"categories":[34,70,69,21],"tags":[3181,898,5141,303],"class_list":["post-39997","post","type-post","status-publish","format-standard","has-post-thumbnail","hentry","category-brasil","category-destaques","category-noticias2","category-politica","tag-eleicoes-2022","tag-geraldo-alckimin","tag-jantar","tag-lula"],"aioseo_notices":[],"_links":{"self":[{"href":"https:\/\/www.portalalerta.com.br\/index.php\/wp-json\/wp\/v2\/posts\/39997","targetHints":{"allow":["GET"]}}],"collection":[{"href":"https:\/\/www.portalalerta.com.br\/index.php\/wp-json\/wp\/v2\/posts"}],"about":[{"href":"https:\/\/www.portalalerta.com.br\/index.php\/wp-json\/wp\/v2\/types\/post"}],"author":[{"embeddable":true,"href":"https:\/\/www.portalalerta.com.br\/index.php\/wp-json\/wp\/v2\/users\/2"}],"replies":[{"embeddable":true,"href":"https:\/\/www.portalalerta.com.br\/index.php\/wp-json\/wp\/v2\/comments?post=39997"}],"version-history":[{"count":1,"href":"https:\/\/www.portalalerta.com.br\/index.php\/wp-json\/wp\/v2\/posts\/39997\/revisions"}],"predecessor-version":[{"id":40002,"href":"https:\/\/www.portalalerta.com.br\/index.php\/wp-json\/wp\/v2\/posts\/39997\/revisions\/40002"}],"wp:featuredmedia":[{"embeddable":true,"href":"https:\/\/www.portalalerta.com.br\/index.php\/wp-json\/wp\/v2\/media\/40001"}],"wp:attachment":[{"href":"https:\/\/www.portalalerta.com.br\/index.php\/wp-json\/wp\/v2\/media?parent=39997"}],"wp:term":[{"taxonomy":"category","embeddable":true,"href":"https:\/\/www.portalalerta.com.br\/index.php\/wp-json\/wp\/v2\/categories?post=39997"},{"taxonomy":"post_tag","embeddable":true,"href":"https:\/\/www.portalalerta.com.br\/index.php\/wp-json\/wp\/v2\/tags?post=39997"}],"curies":[{"name":"wp","href":"https:\/\/api.w.org\/{rel}","templated":true}]}}