{"id":40005,"date":"2021-12-21T09:06:40","date_gmt":"2021-12-21T12:06:40","guid":{"rendered":"https:\/\/www.portalalerta.com.br\/?p=40005"},"modified":"2021-12-21T09:06:42","modified_gmt":"2021-12-21T12:06:42","slug":"ataque-de-hackers-derruba-sistemas-e-exclui-dados-da-pf-e-prf","status":"publish","type":"post","link":"https:\/\/www.portalalerta.com.br\/index.php\/2021\/12\/21\/ataque-de-hackers-derruba-sistemas-e-exclui-dados-da-pf-e-prf\/","title":{"rendered":"Ataque de hackers derruba sistemas e exclui dados da PF e PRF"},"content":{"rendered":"\n<p><strong>Corpora\u00e7\u00f5es foram atingidas por investida criminosa contra servidores do governo federal em 10 de dezembro<\/strong><\/p>\n\n\n\n<!--more-->\n\n\n\n<p>Um\u00a0ataque cibern\u00e9tico\u00a0derrubou o sistema interno da PF (Pol\u00edcia Federal) e da PRF (Pol\u00edcia Rodovi\u00e1ria Federal). De acordo com informa\u00e7\u00f5es obtidas com exclusividade pelo\u00a0<strong>R7<\/strong>, dados de policiais com d\u00edvida ativa com a Uni\u00e3o foram apagados durante a investida criminosa. As equipes de seguran\u00e7a do governo acreditam tamb\u00e9m que informa\u00e7\u00f5es de condutores cadastrados em bancos de dados das corpora\u00e7\u00f5es tenham sido exclu\u00eddas.<\/p>\n\n\n\n<figure class=\"wp-block-image size-large\"><img fetchpriority=\"high\" decoding=\"async\" width=\"720\" height=\"181\" src=\"https:\/\/www.portalalerta.com.br\/wp-content\/uploads\/2018\/02\/Auto-Escola-Nobre.jpg\" alt=\"\" class=\"wp-image-4869\" srcset=\"https:\/\/www.portalalerta.com.br\/wp-content\/uploads\/2018\/02\/Auto-Escola-Nobre.jpg 720w, https:\/\/www.portalalerta.com.br\/wp-content\/uploads\/2018\/02\/Auto-Escola-Nobre-260x65.jpg 260w, https:\/\/www.portalalerta.com.br\/wp-content\/uploads\/2018\/02\/Auto-Escola-Nobre-50x13.jpg 50w, https:\/\/www.portalalerta.com.br\/wp-content\/uploads\/2018\/02\/Auto-Escola-Nobre-150x38.jpg 150w\" sizes=\"(max-width: 720px) 100vw, 720px\" \/><\/figure>\n\n\n\n<p>As corpora\u00e7\u00f5es foram atingidas no dia 10, em meio a ataques a diversos \u00f3rg\u00e3os do governo que tiveram como alvo principal o Minist\u00e9rio da Sa\u00fade. De acordo com fontes policiais ouvidas pela reportagem, os sistemas permanecem fora do ar e os dados ainda n\u00e3o foram recuperados.<\/p>\n\n\n\n<p><strong><em>&#8220;Saiu na m\u00eddia que os dados n\u00e3o foram afetados. Mas percebemos que muita coisa foi exclu\u00edda. Existe a expectativa de que tudo volte hoje \u00e0 tarde, mas ainda n\u00e3o se sabe se o que foi perdido ser\u00e1 recuperado&#8221;<\/em><\/strong>, diz uma fonte an\u00f4nima que integra a \u00e1rea policial.<\/p>\n\n\n\n<p>O problema impacta o trabalho de milhares de policiais em todo o pa\u00eds, principalmente quem atua na \u00e1rea administrativa e precisa levantar informa\u00e7\u00f5es para direcionar a\u00e7\u00f5es, investiga\u00e7\u00f5es e fiscaliza\u00e7\u00e3o de entradas e pessoas. A suspeita \u00e9 que tenha ocorrido um ataque do tipo ransomware, em que os criminosos sequestram informa\u00e7\u00f5es do sistema.<\/p>\n\n\n\n<p>Os dados roubados estariam em duas redes de servidores. O problema tira do ar o Sistema Eletr\u00f4nico de Informa\u00e7\u00f5es do governo federal. As investiga\u00e7\u00f5es, at\u00e9 o momento, n\u00e3o chegaram aos autores das a\u00e7\u00f5es nem identificaram a localiza\u00e7\u00e3o dos atacantes. A suspeita \u00e9 que o crime tenha partido de algum servidor que atua no governo e tem acesso privilegiado ao sistema \u2014 o que facilita a exclus\u00e3o de informa\u00e7\u00f5es e o comprometimento do sistema.<\/p>\n\n\n\n<p>A PRF e a PF foram procuradas para se posicionar sobre o caso, mas ainda n\u00e3o deram retorno.<\/p>\n\n\n\n<p><em>Fonte: R7<\/em><\/p>\n","protected":false},"excerpt":{"rendered":"<p>Corpora\u00e7\u00f5es foram atingidas por investida criminosa contra servidores do governo federal em 10 de dezembro<\/p>\n","protected":false},"author":2,"featured_media":19341,"comment_status":"open","ping_status":"open","sticky":false,"template":"","format":"standard","meta":{"om_disable_all_campaigns":false,"_monsterinsights_skip_tracking":false,"_monsterinsights_sitenote_active":false,"_monsterinsights_sitenote_note":"","_monsterinsights_sitenote_category":0,"footnotes":""},"categories":[34,70,69,22],"tags":[93,173,149],"class_list":["post-40005","post","type-post","status-publish","format-standard","has-post-thumbnail","hentry","category-brasil","category-destaques","category-noticias2","category-seguranca","tag-brasil","tag-policia-federal","tag-prf"],"aioseo_notices":[],"_links":{"self":[{"href":"https:\/\/www.portalalerta.com.br\/index.php\/wp-json\/wp\/v2\/posts\/40005","targetHints":{"allow":["GET"]}}],"collection":[{"href":"https:\/\/www.portalalerta.com.br\/index.php\/wp-json\/wp\/v2\/posts"}],"about":[{"href":"https:\/\/www.portalalerta.com.br\/index.php\/wp-json\/wp\/v2\/types\/post"}],"author":[{"embeddable":true,"href":"https:\/\/www.portalalerta.com.br\/index.php\/wp-json\/wp\/v2\/users\/2"}],"replies":[{"embeddable":true,"href":"https:\/\/www.portalalerta.com.br\/index.php\/wp-json\/wp\/v2\/comments?post=40005"}],"version-history":[{"count":1,"href":"https:\/\/www.portalalerta.com.br\/index.php\/wp-json\/wp\/v2\/posts\/40005\/revisions"}],"predecessor-version":[{"id":40009,"href":"https:\/\/www.portalalerta.com.br\/index.php\/wp-json\/wp\/v2\/posts\/40005\/revisions\/40009"}],"wp:featuredmedia":[{"embeddable":true,"href":"https:\/\/www.portalalerta.com.br\/index.php\/wp-json\/wp\/v2\/media\/19341"}],"wp:attachment":[{"href":"https:\/\/www.portalalerta.com.br\/index.php\/wp-json\/wp\/v2\/media?parent=40005"}],"wp:term":[{"taxonomy":"category","embeddable":true,"href":"https:\/\/www.portalalerta.com.br\/index.php\/wp-json\/wp\/v2\/categories?post=40005"},{"taxonomy":"post_tag","embeddable":true,"href":"https:\/\/www.portalalerta.com.br\/index.php\/wp-json\/wp\/v2\/tags?post=40005"}],"curies":[{"name":"wp","href":"https:\/\/api.w.org\/{rel}","templated":true}]}}