{"id":40082,"date":"2021-12-25T14:26:55","date_gmt":"2021-12-25T17:26:55","guid":{"rendered":"https:\/\/www.portalalerta.com.br\/?p=40082"},"modified":"2021-12-25T14:26:57","modified_gmt":"2021-12-25T17:26:57","slug":"clima-entre-pt-e-psb-azeda-e-alianca-de-lula-e-alckmin-corre-risco","status":"publish","type":"post","link":"https:\/\/www.portalalerta.com.br\/index.php\/2021\/12\/25\/clima-entre-pt-e-psb-azeda-e-alianca-de-lula-e-alckmin-corre-risco\/","title":{"rendered":"Clima entre PT e PSB azeda e alian\u00e7a de Lula e Alckmin corre risco"},"content":{"rendered":"\n<p>O clima entre o\u00a0PT\u00a0e o\u00a0PSB\u00a0azedou nos \u00faltimos dias.\u00a0Lula\u00a0e Carlos Siqueira, presidente do PSB, tiveram uma conversa ruim na \u00faltima ter\u00e7a-feira (21\/12), em que a discord\u00e2ncia central foi a falta de abertura do PT em apresentar contrapartidas estaduais para a alian\u00e7a nacional. Mais exatamente S\u00e3o Paulo.<\/p>\n\n\n\n<!--more-->\n\n\n\n<p>O ex-governador\u00a0M\u00e1rcio Fran\u00e7a, pr\u00e9-candidato ao governo de S\u00e3o Paulo e art\u00edfice da ideia de levar\u00a0Geraldo Alckmin\u00a0para o PSB, tornando-o vice de Lula, tem se irritado com a falta de abertura de\u00a0Fernando Haddad\u00a0para tratar da possibilidade de retirada de sua pr\u00e9-candidatura ao governo do estado.<\/p>\n\n\n\n<p>Haddad sente que, agora que topou ser candidato, n\u00e3o \u00e9 justo com ele que tenha de retirar a candidatura. J\u00e1 Fran\u00e7a diz que a postura inflex\u00edvel de sequer discutir essa possibilidade mostra uma falta de disposi\u00e7\u00e3o do PT de solucionar o impasse.<\/p>\n\n\n\n<div class=\"wp-block-image\"><figure class=\"aligncenter size-large\"><img fetchpriority=\"high\" decoding=\"async\" width=\"720\" height=\"181\" src=\"https:\/\/www.portalalerta.com.br\/wp-content\/uploads\/2018\/02\/Auto-Escola-Nobre.jpg\" alt=\"\" class=\"wp-image-4869\" srcset=\"https:\/\/www.portalalerta.com.br\/wp-content\/uploads\/2018\/02\/Auto-Escola-Nobre.jpg 720w, https:\/\/www.portalalerta.com.br\/wp-content\/uploads\/2018\/02\/Auto-Escola-Nobre-260x65.jpg 260w, https:\/\/www.portalalerta.com.br\/wp-content\/uploads\/2018\/02\/Auto-Escola-Nobre-50x13.jpg 50w, https:\/\/www.portalalerta.com.br\/wp-content\/uploads\/2018\/02\/Auto-Escola-Nobre-150x38.jpg 150w\" sizes=\"(max-width: 720px) 100vw, 720px\" \/><\/figure><\/div>\n\n\n\n<p>Segundo interlocutores de Fran\u00e7a, ele quer que ao menos seja estabelecido um crit\u00e9rio para decidir qual dos dois ser\u00e1 o candidato. Um poss\u00edvel crit\u00e9rio poderia ser que, num determinado momento, abril, por exemplo, seguisse a candidatura que estivesse mais \u00e0 frente nas pesquisas.<\/p>\n\n\n\n<p>Na ter\u00e7a-feira, Fran\u00e7a exp\u00f4s publicamente a discord\u00e2ncia, tuitando prints comparando os votos que ele e Fernando Haddad tiveram em 2018 em S\u00e3o Paulo. Naquele ano, Fran\u00e7a teve 10 milh\u00f5es de votos no estado na disputa pelo governo do estado, perdendo por pouco para Jo\u00e3o Doria. J\u00e1 Fernando Haddad, candidato a presidente, teve, como candidato a presidente, 7,2 milh\u00f5es de votos no estado.<\/p>\n\n\n\n<p><strong><em>\u201cOutubro de 2018 ! Estado de SP: os mesmos eleitores! + de 3 milh\u00f5es de votos a mais ! #VddNaoTemCurva\u201d,<\/em><\/strong> escreveu Fran\u00e7a, lembrando, num tu\u00edte seguinte, que esta foi a mesma diferen\u00e7a num\u00e9rica de votos entre Joe Biden e Donald Trump nos Estados Unidos, em 2020.<\/p>\n\n\n\n<p><em>Fonte: Metr\u00f3poles<\/em><\/p>\n","protected":false},"excerpt":{"rendered":"<p>O clima entre o\u00a0PT\u00a0e o\u00a0PSB\u00a0azedou nos \u00faltimos dias.\u00a0Lula\u00a0e Carlos Siqueira, presidente do PSB, tiveram uma conversa ruim na \u00faltima ter\u00e7a-feira (21\/12), em que a discord\u00e2ncia central foi a falta de abertura do PT em apresentar contrapartidas estaduais para a alian\u00e7a nacional. Mais exatamente S\u00e3o Paulo.<\/p>\n","protected":false},"author":2,"featured_media":39307,"comment_status":"open","ping_status":"open","sticky":false,"template":"","format":"standard","meta":{"om_disable_all_campaigns":false,"_monsterinsights_skip_tracking":false,"_monsterinsights_sitenote_active":false,"_monsterinsights_sitenote_note":"","_monsterinsights_sitenote_category":0,"footnotes":""},"categories":[34,70,69,21],"tags":[93,3181,898,1988,303,5151,199,1152,2021,304,404],"class_list":["post-40082","post","type-post","status-publish","format-standard","has-post-thumbnail","hentry","category-brasil","category-destaques","category-noticias2","category-politica","tag-brasil","tag-eleicoes-2022","tag-geraldo-alckimin","tag-governo-do-estado","tag-lula","tag-marcio-franca","tag-politica","tag-presidente-da-republica","tag-psb","tag-pt","tag-sao-paulo"],"aioseo_notices":[],"_links":{"self":[{"href":"https:\/\/www.portalalerta.com.br\/index.php\/wp-json\/wp\/v2\/posts\/40082","targetHints":{"allow":["GET"]}}],"collection":[{"href":"https:\/\/www.portalalerta.com.br\/index.php\/wp-json\/wp\/v2\/posts"}],"about":[{"href":"https:\/\/www.portalalerta.com.br\/index.php\/wp-json\/wp\/v2\/types\/post"}],"author":[{"embeddable":true,"href":"https:\/\/www.portalalerta.com.br\/index.php\/wp-json\/wp\/v2\/users\/2"}],"replies":[{"embeddable":true,"href":"https:\/\/www.portalalerta.com.br\/index.php\/wp-json\/wp\/v2\/comments?post=40082"}],"version-history":[{"count":1,"href":"https:\/\/www.portalalerta.com.br\/index.php\/wp-json\/wp\/v2\/posts\/40082\/revisions"}],"predecessor-version":[{"id":40087,"href":"https:\/\/www.portalalerta.com.br\/index.php\/wp-json\/wp\/v2\/posts\/40082\/revisions\/40087"}],"wp:featuredmedia":[{"embeddable":true,"href":"https:\/\/www.portalalerta.com.br\/index.php\/wp-json\/wp\/v2\/media\/39307"}],"wp:attachment":[{"href":"https:\/\/www.portalalerta.com.br\/index.php\/wp-json\/wp\/v2\/media?parent=40082"}],"wp:term":[{"taxonomy":"category","embeddable":true,"href":"https:\/\/www.portalalerta.com.br\/index.php\/wp-json\/wp\/v2\/categories?post=40082"},{"taxonomy":"post_tag","embeddable":true,"href":"https:\/\/www.portalalerta.com.br\/index.php\/wp-json\/wp\/v2\/tags?post=40082"}],"curies":[{"name":"wp","href":"https:\/\/api.w.org\/{rel}","templated":true}]}}