{"id":40084,"date":"2021-12-25T14:40:42","date_gmt":"2021-12-25T17:40:42","guid":{"rendered":"https:\/\/www.portalalerta.com.br\/?p=40084"},"modified":"2021-12-25T14:40:43","modified_gmt":"2021-12-25T17:40:43","slug":"minimizada-por-queiroga-covid-19-matou-2-625-criancas-e-adolescentes-no-brasil","status":"publish","type":"post","link":"https:\/\/www.portalalerta.com.br\/index.php\/2021\/12\/25\/minimizada-por-queiroga-covid-19-matou-2-625-criancas-e-adolescentes-no-brasil\/","title":{"rendered":"Minimizada por Queiroga, Covid-19 matou 2.625 crian\u00e7as e adolescentes no Brasil"},"content":{"rendered":"\n<p>Enquanto cresce a expectativa pelo come\u00e7o da vacina\u00e7\u00e3o contra a Covid-19 em crian\u00e7as e adolescentes, dados do Minist\u00e9rio da Sa\u00fade trazem informa\u00e7\u00f5es graves.&nbsp;<\/p>\n\n\n\n<!--more-->\n\n\n\n<p>O Brasil totaliza 2.625 mortes de pessoas entre zero e 19 anos, o que significa a m\u00e9dia de quatro \u00f3bitos por dia at\u00e9 o dia 6 de dezembro.<\/p>\n\n\n\n<p>Na sexta-feira (24), a Sociedade Brasileira de Pediatria lan\u00e7ou um manifesto proclamando a urg\u00eancia de se imunizar crian\u00e7as entre 5 e 11 anos, postura que foi aprovada pela Ag\u00eancia Nacional de Vigil\u00e2ncia Sanit\u00e1ria (Anvisa) no dia 16 de dezembro.<\/p>\n\n\n\n<p>O manifesto contraria informa\u00e7\u00f5es dadas pelo ministro da Sa\u00fade, Marcelo Queiroga, que recentemente fez declara\u00e7\u00e3o afirmando que as mortes de crian\u00e7as por Covid-19 est\u00e3o em um patamar baixo.&nbsp;<\/p>\n\n\n\n<p>A institui\u00e7\u00e3o diz que as taxas de mortalidade e letalidade em crian\u00e7as no Brasil est\u00e3o entre as maiores do mundo.<\/p>\n\n\n\n<p>Segundo dados do Minist\u00e9rio da Sa\u00fade, em 2020, o Brasil teve 373 mortes de pessoas com menos de um ano por S\u00edndrome Respirat\u00f3ria Aguda Grave em decorr\u00eancia da Covid-19.<\/p>\n\n\n\n<p>Enquanto isso, 189 indiv\u00edduos entre 1 e 5 anos e 641 de 6 a 19 anos morreram, totalizando 1.203 mortes.<\/p>\n\n\n\n<p>Em 2021, os dados apontam uma situa\u00e7\u00e3o mais grave: 418 beb\u00eas com menos de um ano morreram, assim como 208 crian\u00e7as entre 1 e 5 anos e 796 indiv\u00edduos de 6 a 19 anos, somando 1.422 mortes.<\/p>\n\n\n\n<p><em>Fonte: Yahoo Not\u00edcias<\/em><\/p>\n\n\n\n<p><em>Com informa\u00e7\u00f5es: CNN<\/em><\/p>\n","protected":false},"excerpt":{"rendered":"<p>Enquanto cresce a expectativa pelo come\u00e7o da vacina\u00e7\u00e3o contra a Covid-19 em crian\u00e7as e adolescentes, dados do Minist\u00e9rio da Sa\u00fade trazem informa\u00e7\u00f5es graves.&nbsp;<\/p>\n","protected":false},"author":2,"featured_media":33853,"comment_status":"open","ping_status":"open","sticky":false,"template":"","format":"standard","meta":{"om_disable_all_campaigns":false,"_monsterinsights_skip_tracking":false,"_monsterinsights_sitenote_active":false,"_monsterinsights_sitenote_note":"","_monsterinsights_sitenote_category":0,"footnotes":""},"categories":[34,70,69,19],"tags":[93,3429,3486,546,4343,635,1885,439],"class_list":["post-40084","post","type-post","status-publish","format-standard","has-post-thumbnail","hentry","category-brasil","category-destaques","category-noticias2","category-saude","tag-brasil","tag-coronavirus","tag-covid-19","tag-crianca","tag-marcelo-queiroga","tag-ministerio-da-saude","tag-ministro-da-saude","tag-mortes"],"aioseo_notices":[],"_links":{"self":[{"href":"https:\/\/www.portalalerta.com.br\/index.php\/wp-json\/wp\/v2\/posts\/40084","targetHints":{"allow":["GET"]}}],"collection":[{"href":"https:\/\/www.portalalerta.com.br\/index.php\/wp-json\/wp\/v2\/posts"}],"about":[{"href":"https:\/\/www.portalalerta.com.br\/index.php\/wp-json\/wp\/v2\/types\/post"}],"author":[{"embeddable":true,"href":"https:\/\/www.portalalerta.com.br\/index.php\/wp-json\/wp\/v2\/users\/2"}],"replies":[{"embeddable":true,"href":"https:\/\/www.portalalerta.com.br\/index.php\/wp-json\/wp\/v2\/comments?post=40084"}],"version-history":[{"count":1,"href":"https:\/\/www.portalalerta.com.br\/index.php\/wp-json\/wp\/v2\/posts\/40084\/revisions"}],"predecessor-version":[{"id":40090,"href":"https:\/\/www.portalalerta.com.br\/index.php\/wp-json\/wp\/v2\/posts\/40084\/revisions\/40090"}],"wp:featuredmedia":[{"embeddable":true,"href":"https:\/\/www.portalalerta.com.br\/index.php\/wp-json\/wp\/v2\/media\/33853"}],"wp:attachment":[{"href":"https:\/\/www.portalalerta.com.br\/index.php\/wp-json\/wp\/v2\/media?parent=40084"}],"wp:term":[{"taxonomy":"category","embeddable":true,"href":"https:\/\/www.portalalerta.com.br\/index.php\/wp-json\/wp\/v2\/categories?post=40084"},{"taxonomy":"post_tag","embeddable":true,"href":"https:\/\/www.portalalerta.com.br\/index.php\/wp-json\/wp\/v2\/tags?post=40084"}],"curies":[{"name":"wp","href":"https:\/\/api.w.org\/{rel}","templated":true}]}}