{"id":40085,"date":"2021-12-25T14:53:22","date_gmt":"2021-12-25T17:53:22","guid":{"rendered":"https:\/\/www.portalalerta.com.br\/?p=40085"},"modified":"2021-12-25T15:19:13","modified_gmt":"2021-12-25T18:19:13","slug":"mulher-e-levada-ao-hospital-apos-ser-esfaqueada-pela-propria-filha-em-banzae-ba","status":"publish","type":"post","link":"https:\/\/www.portalalerta.com.br\/index.php\/2021\/12\/25\/mulher-e-levada-ao-hospital-apos-ser-esfaqueada-pela-propria-filha-em-banzae-ba\/","title":{"rendered":"Mulher \u00e9 levada ao hospital ap\u00f3s ser esfaqueada pela pr\u00f3pria filha, em Banza\u00ea-BA"},"content":{"rendered":"\n<p>Na noite da \u00faltima quinta-feira (23), uma mulher deu entrada na Unidade de Sa\u00fade de Banza\u00ea-BA, com ferimentos provocados por golpes de faca.<\/p>\n\n\n\n<!--more-->\n\n\n\n<div class=\"wp-block-image\"><figure class=\"aligncenter size-large\"><img fetchpriority=\"high\" decoding=\"async\" width=\"720\" height=\"181\" src=\"https:\/\/www.portalalerta.com.br\/wp-content\/uploads\/2018\/02\/Auto-Escola-Nobre.jpg\" alt=\"\" class=\"wp-image-4869\" srcset=\"https:\/\/www.portalalerta.com.br\/wp-content\/uploads\/2018\/02\/Auto-Escola-Nobre.jpg 720w, https:\/\/www.portalalerta.com.br\/wp-content\/uploads\/2018\/02\/Auto-Escola-Nobre-260x65.jpg 260w, https:\/\/www.portalalerta.com.br\/wp-content\/uploads\/2018\/02\/Auto-Escola-Nobre-50x13.jpg 50w, https:\/\/www.portalalerta.com.br\/wp-content\/uploads\/2018\/02\/Auto-Escola-Nobre-150x38.jpg 150w\" sizes=\"(max-width: 720px) 100vw, 720px\" \/><\/figure><\/div>\n\n\n\n<p>O caso foi informado imediatamente aos policiais militares da cidade, que estiveram na Unidade, onde mantiveram contato com a v\u00edtima, que \u00e9 moradora do Conjunto Petron\u00edlio Dantas (Casas Populares). De acordo com a v\u00edtima, a autora das facadas, teria sido sua pr\u00f3pria filha, tendo como principal motiva\u00e7\u00e3o uma discuss\u00e3o entre ambas.<\/p>\n\n\n\n<p>Ferida nos bra\u00e7os, e nas m\u00e3os (momento em que tentava se proteger), a mulher n\u00e3o corre risco de morte. Al\u00e9m disso, a v\u00edtima revelou n\u00e3o querer registrar ocorr\u00eancia, pelo fato de a autora ser a sua pr\u00f3pria filha.<\/p>\n\n\n\n<p><em>Reda\u00e7\u00e3o: Portal Alerta<\/em><\/p>\n","protected":false},"excerpt":{"rendered":"<p>Na noite da \u00faltima quinta-feira (23), uma mulher deu entrada na Unidade de Sa\u00fade de Banza\u00ea-BA, com ferimentos provocados por golpes de faca.<\/p>\n","protected":false},"author":2,"featured_media":17907,"comment_status":"open","ping_status":"open","sticky":false,"template":"","format":"standard","meta":{"om_disable_all_campaigns":false,"_monsterinsights_skip_tracking":false,"_monsterinsights_sitenote_active":false,"_monsterinsights_sitenote_note":"","_monsterinsights_sitenote_category":0,"footnotes":""},"categories":[39,70,69,32,22],"tags":[49,492,90,621,650],"class_list":["post-40085","post","type-post","status-publish","format-standard","has-post-thumbnail","hentry","category-banzae","category-destaques","category-noticias2","category-regiao","category-seguranca","tag-banzae","tag-facada","tag-ferida","tag-filha","tag-mae"],"aioseo_notices":[],"_links":{"self":[{"href":"https:\/\/www.portalalerta.com.br\/index.php\/wp-json\/wp\/v2\/posts\/40085","targetHints":{"allow":["GET"]}}],"collection":[{"href":"https:\/\/www.portalalerta.com.br\/index.php\/wp-json\/wp\/v2\/posts"}],"about":[{"href":"https:\/\/www.portalalerta.com.br\/index.php\/wp-json\/wp\/v2\/types\/post"}],"author":[{"embeddable":true,"href":"https:\/\/www.portalalerta.com.br\/index.php\/wp-json\/wp\/v2\/users\/2"}],"replies":[{"embeddable":true,"href":"https:\/\/www.portalalerta.com.br\/index.php\/wp-json\/wp\/v2\/comments?post=40085"}],"version-history":[{"count":2,"href":"https:\/\/www.portalalerta.com.br\/index.php\/wp-json\/wp\/v2\/posts\/40085\/revisions"}],"predecessor-version":[{"id":40094,"href":"https:\/\/www.portalalerta.com.br\/index.php\/wp-json\/wp\/v2\/posts\/40085\/revisions\/40094"}],"wp:featuredmedia":[{"embeddable":true,"href":"https:\/\/www.portalalerta.com.br\/index.php\/wp-json\/wp\/v2\/media\/17907"}],"wp:attachment":[{"href":"https:\/\/www.portalalerta.com.br\/index.php\/wp-json\/wp\/v2\/media?parent=40085"}],"wp:term":[{"taxonomy":"category","embeddable":true,"href":"https:\/\/www.portalalerta.com.br\/index.php\/wp-json\/wp\/v2\/categories?post=40085"},{"taxonomy":"post_tag","embeddable":true,"href":"https:\/\/www.portalalerta.com.br\/index.php\/wp-json\/wp\/v2\/tags?post=40085"}],"curies":[{"name":"wp","href":"https:\/\/api.w.org\/{rel}","templated":true}]}}