{"id":40095,"date":"2021-12-26T13:59:37","date_gmt":"2021-12-26T16:59:37","guid":{"rendered":"https:\/\/www.portalalerta.com.br\/?p=40095"},"modified":"2021-12-26T13:59:39","modified_gmt":"2021-12-26T16:59:39","slug":"policia-civil-apreende-submetralhadora-9mm-que-seria-utilizada-no-trafico-em-paulo-afonso-ba","status":"publish","type":"post","link":"https:\/\/www.portalalerta.com.br\/index.php\/2021\/12\/26\/policia-civil-apreende-submetralhadora-9mm-que-seria-utilizada-no-trafico-em-paulo-afonso-ba\/","title":{"rendered":"Pol\u00edcia Civil apreende submetralhadora 9mm que seria utilizada no tr\u00e1fico em Paulo Afonso-BA"},"content":{"rendered":"\n<p>A Pol\u00edcia Civil de Paulo Afonso apreendeu, na \u00faltima quarta-feira (22), uma submetralhadora 9mm, com um carregador alongado contendo 08 muni\u00e7\u00f5es. De acordo com informa\u00e7\u00f5es preliminares, a arma seria utilizada por traficantes do Bairro Prainha.<\/p>\n\n\n\n<!--more-->\n\n\n\n<p>Segundo a pol\u00edcia, investiga\u00e7\u00f5es apontaram que a submetralhadora estaria em um terreno no Bairro Tancredo Neves (BTN). <strong><em>\u201cA equipe confirmou a veracidade das informa\u00e7\u00f5es e apreendeu a citada arma, um carregador alongado e oito muni\u00e7\u00f5es calibre 9mm\u201d<\/em><\/strong>, diz o Boletim de Ocorr\u00eancia.<\/p>\n\n\n\n<div class=\"wp-block-image\"><figure class=\"aligncenter size-large\"><img decoding=\"async\" src=\"https:\/\/www.portalalerta.com.br\/wp-content\/uploads\/2021\/12\/Real-Natal-1024x131.jpg\" alt=\"\" class=\"wp-image-39853\"\/><\/figure><\/div>\n\n\n\n<p>A opera\u00e7\u00e3o, comandada pelos delegados Leon N\u00edkias, Eduardo Henrique e Lidiane Fracari, transcorreu com tranquilidade ap\u00f3s cerco realizado no bairro para evitar poss\u00edveis fugas, sendo a arma encontrada.<\/p>\n\n\n\n<p>Ningu\u00e9m foi preso e os fatos continuar\u00e3o sendo apurados pela Delegacia Territorial de Paulo Afonso.<\/p>\n\n\n\n<p><em>Fonte: Jeremoabo.com.br<\/em><\/p>\n","protected":false},"excerpt":{"rendered":"<p>A Pol\u00edcia Civil de Paulo Afonso apreendeu, na \u00faltima quarta-feira (22), uma submetralhadora 9mm, com um carregador alongado contendo 08 muni\u00e7\u00f5es. De acordo com informa\u00e7\u00f5es preliminares, a arma seria utilizada por traficantes do Bairro Prainha.<\/p>\n","protected":false},"author":2,"featured_media":40099,"comment_status":"open","ping_status":"open","sticky":false,"template":"","format":"standard","meta":{"om_disable_all_campaigns":false,"_monsterinsights_skip_tracking":false,"_monsterinsights_sitenote_active":false,"_monsterinsights_sitenote_note":"","_monsterinsights_sitenote_category":0,"footnotes":""},"categories":[33,70,69,22],"tags":[2563,228,54,118,122],"class_list":["post-40095","post","type-post","status-publish","format-standard","has-post-thumbnail","hentry","category-bahia","category-destaques","category-noticias2","category-seguranca","tag-apreensao-de-arma-de-fogo","tag-arma-de-fogo","tag-bahia","tag-paulo-afonso","tag-policia-civil"],"aioseo_notices":[],"_links":{"self":[{"href":"https:\/\/www.portalalerta.com.br\/index.php\/wp-json\/wp\/v2\/posts\/40095","targetHints":{"allow":["GET"]}}],"collection":[{"href":"https:\/\/www.portalalerta.com.br\/index.php\/wp-json\/wp\/v2\/posts"}],"about":[{"href":"https:\/\/www.portalalerta.com.br\/index.php\/wp-json\/wp\/v2\/types\/post"}],"author":[{"embeddable":true,"href":"https:\/\/www.portalalerta.com.br\/index.php\/wp-json\/wp\/v2\/users\/2"}],"replies":[{"embeddable":true,"href":"https:\/\/www.portalalerta.com.br\/index.php\/wp-json\/wp\/v2\/comments?post=40095"}],"version-history":[{"count":1,"href":"https:\/\/www.portalalerta.com.br\/index.php\/wp-json\/wp\/v2\/posts\/40095\/revisions"}],"predecessor-version":[{"id":40100,"href":"https:\/\/www.portalalerta.com.br\/index.php\/wp-json\/wp\/v2\/posts\/40095\/revisions\/40100"}],"wp:featuredmedia":[{"embeddable":true,"href":"https:\/\/www.portalalerta.com.br\/index.php\/wp-json\/wp\/v2\/media\/40099"}],"wp:attachment":[{"href":"https:\/\/www.portalalerta.com.br\/index.php\/wp-json\/wp\/v2\/media?parent=40095"}],"wp:term":[{"taxonomy":"category","embeddable":true,"href":"https:\/\/www.portalalerta.com.br\/index.php\/wp-json\/wp\/v2\/categories?post=40095"},{"taxonomy":"post_tag","embeddable":true,"href":"https:\/\/www.portalalerta.com.br\/index.php\/wp-json\/wp\/v2\/tags?post=40095"}],"curies":[{"name":"wp","href":"https:\/\/api.w.org\/{rel}","templated":true}]}}