{"id":40098,"date":"2021-12-26T14:15:49","date_gmt":"2021-12-26T17:15:49","guid":{"rendered":"https:\/\/www.portalalerta.com.br\/?p=40098"},"modified":"2021-12-26T14:15:50","modified_gmt":"2021-12-26T17:15:50","slug":"governo-da-bahia-convoca-bombeiros-de-todo-o-pais-para-ajudar-nos-resgates-da-populacao-afetada-por-chuvas","status":"publish","type":"post","link":"https:\/\/www.portalalerta.com.br\/index.php\/2021\/12\/26\/governo-da-bahia-convoca-bombeiros-de-todo-o-pais-para-ajudar-nos-resgates-da-populacao-afetada-por-chuvas\/","title":{"rendered":"Governo da Bahia convoca bombeiros de todo o pa\u00eds para ajudar nos resgates da popula\u00e7\u00e3o afetada por chuvas"},"content":{"rendered":"\n<p>A\u00e7\u00e3o acontece em parceria com o governo federal, al\u00e9m da administra\u00e7\u00e3o&nbsp;de outros estados<\/p>\n\n\n\n<!--more-->\n\n\n\n<p>Diante dos novos desastres causados ainda por fortes chuvas na Bahia, o&nbsp;governo do estado convocou, neste s\u00e1bado (25), o Conselho Nacional de Corpos de Bombeiros Militares do Brasil (Ligabom), institui\u00e7\u00e3o que re\u00fane bombeiros de todo o pa\u00eds para ajudar a popula\u00e7\u00e3o que necessita de resgate. A a\u00e7\u00e3o acontece em parceria com o governo federal, al\u00e9m da administra\u00e7\u00e3o&nbsp;de outros estados.<\/p>\n\n\n\n<div class=\"wp-block-image\"><figure class=\"alignleft size-large is-resized\"><img fetchpriority=\"high\" decoding=\"async\" src=\"https:\/\/www.portalalerta.com.br\/wp-content\/uploads\/2021\/04\/ELAB.jpg\" alt=\"\" class=\"wp-image-34795\" width=\"333\" height=\"266\" srcset=\"https:\/\/www.portalalerta.com.br\/wp-content\/uploads\/2021\/04\/ELAB.jpg 1000w, https:\/\/www.portalalerta.com.br\/wp-content\/uploads\/2021\/04\/ELAB-300x240.jpg 300w, https:\/\/www.portalalerta.com.br\/wp-content\/uploads\/2021\/04\/ELAB-768x614.jpg 768w, https:\/\/www.portalalerta.com.br\/wp-content\/uploads\/2021\/04\/ELAB-183x146.jpg 183w, https:\/\/www.portalalerta.com.br\/wp-content\/uploads\/2021\/04\/ELAB-50x40.jpg 50w, https:\/\/www.portalalerta.com.br\/wp-content\/uploads\/2021\/04\/ELAB-94x75.jpg 94w\" sizes=\"(max-width: 333px) 100vw, 333px\" \/><\/figure><\/div>\n\n\n\n<p>O apoio federal inclui combust\u00edvel e aeronaves para auxiliar nos resgates. A base de apoio em Ilh\u00e9us, no Sul do estado, conta com o refor\u00e7o de equipes da Pol\u00edcia Militar da Bahia, do Corpo de Bombeiros Militar da Bahia, da Secretaria Nacional de Defesa Civil, da Superintend\u00eancia Estadual de Defesa Civil (Sudec) e da Pol\u00edcia Rodovi\u00e1ria Federal, que enviar\u00e1 aeronaves e agentes, segundo informa\u00e7\u00f5es do governo do estado.<\/p>\n\n\n\n<p>A parceria foi fechada ap\u00f3s&nbsp;o governador Rui Costa se reunir&nbsp;com os ministros da Cidadania, Jo\u00e3o Roma; da Sa\u00fade, Marcelo Queiroga; e do Desenvolvimento Regional, Rog\u00e9rio Marinho; al\u00e9m do secret\u00e1rio nacional de Defesa Civil, Alexandre Lucas; de outros governadores e secret\u00e1rios estaduais e municipais.<\/p>\n\n\n\n<p>O&nbsp;Corpo de Bombeiros do Rio Grande do Norte, com oito servidores, dois botes e duas caminhonetes, e o Corpo de Bombeiros de Minas Gerais,&nbsp;tamb\u00e9m encaminharam efetivos para a Bahia. Al\u00e9m da base de apoio criada em Ilh\u00e9us, a de&nbsp;Itamaraju&nbsp;permanece montada, apoiando os moradores do extremo sul baiano.<\/p>\n\n\n\n<p>Fonte: Metro1<\/p>\n","protected":false},"excerpt":{"rendered":"<p>A\u00e7\u00e3o acontece em parceria com o governo federal, al\u00e9m da administra\u00e7\u00e3o&nbsp;de outros estados<\/p>\n","protected":false},"author":2,"featured_media":40105,"comment_status":"open","ping_status":"open","sticky":false,"template":"","format":"standard","meta":{"om_disable_all_campaigns":false,"_monsterinsights_skip_tracking":false,"_monsterinsights_sitenote_active":false,"_monsterinsights_sitenote_note":"","_monsterinsights_sitenote_category":0,"footnotes":""},"categories":[33,34,70,69,21],"tags":[54,93,1977,1081],"class_list":["post-40098","post","type-post","status-publish","format-standard","has-post-thumbnail","hentry","category-bahia","category-brasil","category-destaques","category-noticias2","category-politica","tag-bahia","tag-brasil","tag-chuvas","tag-corpo-de-bombeiros"],"aioseo_notices":[],"_links":{"self":[{"href":"https:\/\/www.portalalerta.com.br\/index.php\/wp-json\/wp\/v2\/posts\/40098","targetHints":{"allow":["GET"]}}],"collection":[{"href":"https:\/\/www.portalalerta.com.br\/index.php\/wp-json\/wp\/v2\/posts"}],"about":[{"href":"https:\/\/www.portalalerta.com.br\/index.php\/wp-json\/wp\/v2\/types\/post"}],"author":[{"embeddable":true,"href":"https:\/\/www.portalalerta.com.br\/index.php\/wp-json\/wp\/v2\/users\/2"}],"replies":[{"embeddable":true,"href":"https:\/\/www.portalalerta.com.br\/index.php\/wp-json\/wp\/v2\/comments?post=40098"}],"version-history":[{"count":1,"href":"https:\/\/www.portalalerta.com.br\/index.php\/wp-json\/wp\/v2\/posts\/40098\/revisions"}],"predecessor-version":[{"id":40106,"href":"https:\/\/www.portalalerta.com.br\/index.php\/wp-json\/wp\/v2\/posts\/40098\/revisions\/40106"}],"wp:featuredmedia":[{"embeddable":true,"href":"https:\/\/www.portalalerta.com.br\/index.php\/wp-json\/wp\/v2\/media\/40105"}],"wp:attachment":[{"href":"https:\/\/www.portalalerta.com.br\/index.php\/wp-json\/wp\/v2\/media?parent=40098"}],"wp:term":[{"taxonomy":"category","embeddable":true,"href":"https:\/\/www.portalalerta.com.br\/index.php\/wp-json\/wp\/v2\/categories?post=40098"},{"taxonomy":"post_tag","embeddable":true,"href":"https:\/\/www.portalalerta.com.br\/index.php\/wp-json\/wp\/v2\/tags?post=40098"}],"curies":[{"name":"wp","href":"https:\/\/api.w.org\/{rel}","templated":true}]}}