{"id":40109,"date":"2021-12-27T07:00:00","date_gmt":"2021-12-27T10:00:00","guid":{"rendered":"https:\/\/www.portalalerta.com.br\/?p=40109"},"modified":"2021-12-26T16:36:30","modified_gmt":"2021-12-26T19:36:30","slug":"franca-supera-100-mil-casos-diarios-de-covid-19","status":"publish","type":"post","link":"https:\/\/www.portalalerta.com.br\/index.php\/2021\/12\/27\/franca-supera-100-mil-casos-diarios-de-covid-19\/","title":{"rendered":"Fran\u00e7a supera 100 mil casos di\u00e1rios de Covid-19"},"content":{"rendered":"\n<p>No dia do Natal, foram registrados 104.611 novos casos no pa\u00eds<\/p>\n\n\n\n<!--more-->\n\n\n\n<p>No \u00faltimo s\u00e1bado (24), Natal, a Fran\u00e7a bateu a marca de 100 mil contamina\u00e7\u00f5es di\u00e1rias de Covid-19, em um momento de recrudescimento da pandemia iniciada h\u00e1 21 meses e respons\u00e1vel pela morte de mais de 5 milh\u00f5es de pessoas no mundo. Foram registrados 104.611 novos casos no pa\u00eds. Nas \u00faltimas tr\u00eas semanas, o n\u00famero de contamina\u00e7\u00f5es di\u00e1rias dobrou, detalhou a ag\u00eancia sanit\u00e1ria francesa.<\/p>\n\n\n\n<div class=\"wp-block-image\"><figure class=\"alignleft size-large is-resized\"><img fetchpriority=\"high\" decoding=\"async\" src=\"https:\/\/www.portalalerta.com.br\/wp-content\/uploads\/2021\/10\/Cred-Real-1024x1024.jpeg\" alt=\"\" class=\"wp-image-38729\" width=\"309\" height=\"309\" srcset=\"https:\/\/www.portalalerta.com.br\/wp-content\/uploads\/2021\/10\/Cred-Real-1024x1024.jpeg 1024w, https:\/\/www.portalalerta.com.br\/wp-content\/uploads\/2021\/10\/Cred-Real-240x240.jpeg 240w, https:\/\/www.portalalerta.com.br\/wp-content\/uploads\/2021\/10\/Cred-Real-768x768.jpeg 768w, https:\/\/www.portalalerta.com.br\/wp-content\/uploads\/2021\/10\/Cred-Real-1536x1536.jpeg 1536w, https:\/\/www.portalalerta.com.br\/wp-content\/uploads\/2021\/10\/Cred-Real-146x146.jpeg 146w, https:\/\/www.portalalerta.com.br\/wp-content\/uploads\/2021\/10\/Cred-Real-50x50.jpeg 50w, https:\/\/www.portalalerta.com.br\/wp-content\/uploads\/2021\/10\/Cred-Real-75x75.jpeg 75w, https:\/\/www.portalalerta.com.br\/wp-content\/uploads\/2021\/10\/Cred-Real-85x85.jpeg 85w, https:\/\/www.portalalerta.com.br\/wp-content\/uploads\/2021\/10\/Cred-Real-80x80.jpeg 80w, https:\/\/www.portalalerta.com.br\/wp-content\/uploads\/2021\/10\/Cred-Real.jpeg 1920w\" sizes=\"(max-width: 309px) 100vw, 309px\" \/><\/figure><\/div>\n\n\n\n<p>O pa\u00eds j\u00e1 indicava a alta desde a quinta-feira (23), quando\u00a0foram registrados 96.608 casos da doen\u00e7a, de acordo com a Sant\u00e9 Publique France &#8211; ag\u00eancia francesa de sa\u00fade. Antes disso, a maior alta havia sido registrada h\u00e1 mais de um ano, em novembro de 2020. \u00c0 \u00e9poca, foram notificados 86.852 casos.<\/p>\n\n\n\n<p>A variante \u00f4micron se propaga na Europa. Agora, a circula\u00e7\u00e3o do v\u00edrus pode ganhar ainda mais for\u00e7a com as festas de fim de ano e as reuni\u00f5es familiares, temem as autoridades francesas. O governo franc\u00eas, at\u00e9 agora, adotou algumas medidas de impacto.<\/p>\n\n\n\n<p>Em Paris, a variante \u00f4micron j\u00e1 seria respons\u00e1vel por quase metade desses casos, mas o n\u00famero \u00e9 provavelmente maior.&nbsp;<\/p>\n\n\n\n<p><em>Fonte: Metro1<\/em><\/p>\n","protected":false},"excerpt":{"rendered":"<p>No dia do Natal, foram registrados 104.611 novos casos no pa\u00eds<\/p>\n","protected":false},"author":2,"featured_media":40122,"comment_status":"open","ping_status":"open","sticky":false,"template":"","format":"standard","meta":{"om_disable_all_campaigns":false,"_monsterinsights_skip_tracking":false,"_monsterinsights_sitenote_active":false,"_monsterinsights_sitenote_note":"","_monsterinsights_sitenote_category":0,"footnotes":""},"categories":[70,35,69,19],"tags":[3429,3486,4095,339,61],"class_list":["post-40109","post","type-post","status-publish","format-standard","has-post-thumbnail","hentry","category-destaques","category-mundo","category-noticias2","category-saude","tag-coronavirus","tag-covid-19","tag-infeccoes","tag-mundo","tag-saude"],"aioseo_notices":[],"_links":{"self":[{"href":"https:\/\/www.portalalerta.com.br\/index.php\/wp-json\/wp\/v2\/posts\/40109","targetHints":{"allow":["GET"]}}],"collection":[{"href":"https:\/\/www.portalalerta.com.br\/index.php\/wp-json\/wp\/v2\/posts"}],"about":[{"href":"https:\/\/www.portalalerta.com.br\/index.php\/wp-json\/wp\/v2\/types\/post"}],"author":[{"embeddable":true,"href":"https:\/\/www.portalalerta.com.br\/index.php\/wp-json\/wp\/v2\/users\/2"}],"replies":[{"embeddable":true,"href":"https:\/\/www.portalalerta.com.br\/index.php\/wp-json\/wp\/v2\/comments?post=40109"}],"version-history":[{"count":1,"href":"https:\/\/www.portalalerta.com.br\/index.php\/wp-json\/wp\/v2\/posts\/40109\/revisions"}],"predecessor-version":[{"id":40123,"href":"https:\/\/www.portalalerta.com.br\/index.php\/wp-json\/wp\/v2\/posts\/40109\/revisions\/40123"}],"wp:featuredmedia":[{"embeddable":true,"href":"https:\/\/www.portalalerta.com.br\/index.php\/wp-json\/wp\/v2\/media\/40122"}],"wp:attachment":[{"href":"https:\/\/www.portalalerta.com.br\/index.php\/wp-json\/wp\/v2\/media?parent=40109"}],"wp:term":[{"taxonomy":"category","embeddable":true,"href":"https:\/\/www.portalalerta.com.br\/index.php\/wp-json\/wp\/v2\/categories?post=40109"},{"taxonomy":"post_tag","embeddable":true,"href":"https:\/\/www.portalalerta.com.br\/index.php\/wp-json\/wp\/v2\/tags?post=40109"}],"curies":[{"name":"wp","href":"https:\/\/api.w.org\/{rel}","templated":true}]}}