{"id":40110,"date":"2021-12-27T07:01:00","date_gmt":"2021-12-27T10:01:00","guid":{"rendered":"https:\/\/www.portalalerta.com.br\/?p=40110"},"modified":"2021-12-26T16:41:14","modified_gmt":"2021-12-26T19:41:14","slug":"governo-comeca-a-pagar-auxilio-gas-nesta-segunda-27","status":"publish","type":"post","link":"https:\/\/www.portalalerta.com.br\/index.php\/2021\/12\/27\/governo-comeca-a-pagar-auxilio-gas-nesta-segunda-27\/","title":{"rendered":"Governo come\u00e7a a pagar aux\u00edlio-g\u00e1s nesta segunda (27)"},"content":{"rendered":"\n<p><strong>Pouco mais de 108 mil fam\u00edlias ser\u00e3o contempladas neste m\u00eas; benef\u00edcio ser\u00e1 de R$ 52<\/strong><\/p>\n\n\n\n<!--more-->\n\n\n\n<p>O governo federal come\u00e7ar\u00e1 o pagamento do\u00a0aux\u00edlio-g\u00e1s\u00a0nesta segunda-feira (27). Segundo o Executivo, 108.368 fam\u00edlias atendidas pelo Aux\u00edlio Brasil ser\u00e3o contempladas com a primeira parcela do benef\u00edcio, que foi criado com o intuito de mitigar o efeito do pre\u00e7o do g\u00e1s de cozinha sobre o or\u00e7amento das fam\u00edlias de baixa renda.<\/p>\n\n\n\n<p>Cada fam\u00edlia receber\u00e1 R$ 52, valor que corresponde a 50% da m\u00e9dia do pre\u00e7o do\u00a0botij\u00e3o de 13 kg. No entanto, o pre\u00e7o do benef\u00edcio pode ser atualizado pela ANP (Ag\u00eancia Nacional do Petr\u00f3leo), que mensalmente publicar\u00e1 em seu site, at\u00e9 o d\u00e9cimo dia \u00fatil do m\u00eas, o valor da m\u00e9dia dos seis meses anteriores referente ao pre\u00e7o nacional do botij\u00e3o.<\/p>\n\n\n\n<p>Neste m\u00eas, o Executivo optou por atender pessoas residentes em 100 munic\u00edpios que decretaram estado de calamidade por causa das chuvas na Bahia e em Minas Gerais. A partir de janeiro, o governo deve disponibilizar o aux\u00edlio-g\u00e1s para todos as 5,58 milh\u00f5es de fam\u00edlias eleg\u00edveis para receber o benef\u00edcio. Quem n\u00e3o for contemplado em dezembro, receber\u00e1 a ajuda financeira de forma retroativa, a partir de 18 de janeiro.<\/p>\n\n\n\n<p>Para efetuar o pagamento do benef\u00edcio, o governo levar\u00e1 em conta o calend\u00e1rio regular de pagamentos do Aux\u00edlio Brasil. Cada fam\u00edlia receber\u00e1 a ajuda de acordo com o NIS (N\u00famero de Identifica\u00e7\u00e3o Social), atribu\u00eddo pela Caixa Econ\u00f4mica Federal para identificar pessoas cadastradas em programas sociais do governo.<\/p>\n\n\n\n<p>O aux\u00edlio-g\u00e1s ser\u00e1 pago a cada dois meses, por cinco anos, a pessoas inscritas no Cad\u00danico (Cadastro \u00danico) para programas sociais do Executivo, com renda familiar mensal per capita menor ou igual a meio sal\u00e1rio m\u00ednimo, ou que tenham entre seus integrantes pessoa que receba o BPC (Benef\u00edcio de Presta\u00e7\u00e3o Continuada).<\/p>\n\n\n\n<p>Segundo o governo, para fins de implanta\u00e7\u00e3o do aux\u00edlio-g\u00e1s, excepcionalmente nos primeiros 90 dias, ter\u00e3o prioridade de pagamento do benef\u00edcio, nesta ordem: benefici\u00e1rios do Aux\u00edlio Brasil com menor renda per capita e com maior quantidade de integrantes na fam\u00edlia.<\/p>\n\n\n\n<p><em>Fonte: R7<\/em><\/p>\n","protected":false},"excerpt":{"rendered":"<p>Pouco mais de 108 mil fam\u00edlias ser\u00e3o contempladas neste m\u00eas; benef\u00edcio ser\u00e1 de R$ 52<\/p>\n","protected":false},"author":2,"featured_media":4066,"comment_status":"open","ping_status":"open","sticky":false,"template":"","format":"standard","meta":{"om_disable_all_campaigns":false,"_monsterinsights_skip_tracking":false,"_monsterinsights_sitenote_active":false,"_monsterinsights_sitenote_note":"","_monsterinsights_sitenote_category":0,"footnotes":""},"categories":[34,70,69,21],"tags":[5013,93,460,249],"class_list":["post-40110","post","type-post","status-publish","format-standard","has-post-thumbnail","hentry","category-brasil","category-destaques","category-noticias2","category-politica","tag-auxilio-gas","tag-brasil","tag-gas-de-cozinha","tag-governo-federal"],"aioseo_notices":[],"_links":{"self":[{"href":"https:\/\/www.portalalerta.com.br\/index.php\/wp-json\/wp\/v2\/posts\/40110","targetHints":{"allow":["GET"]}}],"collection":[{"href":"https:\/\/www.portalalerta.com.br\/index.php\/wp-json\/wp\/v2\/posts"}],"about":[{"href":"https:\/\/www.portalalerta.com.br\/index.php\/wp-json\/wp\/v2\/types\/post"}],"author":[{"embeddable":true,"href":"https:\/\/www.portalalerta.com.br\/index.php\/wp-json\/wp\/v2\/users\/2"}],"replies":[{"embeddable":true,"href":"https:\/\/www.portalalerta.com.br\/index.php\/wp-json\/wp\/v2\/comments?post=40110"}],"version-history":[{"count":1,"href":"https:\/\/www.portalalerta.com.br\/index.php\/wp-json\/wp\/v2\/posts\/40110\/revisions"}],"predecessor-version":[{"id":40124,"href":"https:\/\/www.portalalerta.com.br\/index.php\/wp-json\/wp\/v2\/posts\/40110\/revisions\/40124"}],"wp:featuredmedia":[{"embeddable":true,"href":"https:\/\/www.portalalerta.com.br\/index.php\/wp-json\/wp\/v2\/media\/4066"}],"wp:attachment":[{"href":"https:\/\/www.portalalerta.com.br\/index.php\/wp-json\/wp\/v2\/media?parent=40110"}],"wp:term":[{"taxonomy":"category","embeddable":true,"href":"https:\/\/www.portalalerta.com.br\/index.php\/wp-json\/wp\/v2\/categories?post=40110"},{"taxonomy":"post_tag","embeddable":true,"href":"https:\/\/www.portalalerta.com.br\/index.php\/wp-json\/wp\/v2\/tags?post=40110"}],"curies":[{"name":"wp","href":"https:\/\/api.w.org\/{rel}","templated":true}]}}