{"id":40112,"date":"2021-12-27T07:02:00","date_gmt":"2021-12-27T10:02:00","guid":{"rendered":"https:\/\/www.portalalerta.com.br\/?p=40112"},"modified":"2021-12-26T17:56:39","modified_gmt":"2021-12-26T20:56:39","slug":"sobe-para-37-o-numero-de-cidades-com-regioes-completamente-alagadas-na-bahia","status":"publish","type":"post","link":"https:\/\/www.portalalerta.com.br\/index.php\/2021\/12\/27\/sobe-para-37-o-numero-de-cidades-com-regioes-completamente-alagadas-na-bahia\/","title":{"rendered":"Sobe para 37 o n\u00famero de cidades com regi\u00f5es completamente alagadas na Bahia"},"content":{"rendered":"\n<p>Governador anunciou a amplia\u00e7\u00e3o de bases de apoio \u00e0s a\u00e7\u00f5es emergenciais nas cidades de Vit\u00f3ria da Conquista, Ilh\u00e9us, Itapetinga, Santa In\u00eas e Ipia\u00fa<\/p>\n\n\n\n<!--more-->\n\n\n\n<p>O governador Rui Costa informou na tarde deste domingo (26) que j\u00e1 s\u00e3o 37 cidades na Bahia neste momento que est\u00e3o com v\u00e1rias \u00e1reas completamente debaixo d\u2019\u00e1gua. S\u00e3o cidades do Rec\u00f4ncavo Baiano, Vale do Jiquiri\u00e7\u00e1 e regi\u00e3o Sul. O governador est\u00e1 em Ilh\u00e9us, onde foi montada&nbsp;uma base de apoio da For\u00e7a-Tarefa de comando \u00fanico para os efeitos das chuvas na Bahia.&nbsp;<\/p>\n\n\n\n<div class=\"wp-block-image\"><figure class=\"alignleft size-large is-resized\"><img fetchpriority=\"high\" decoding=\"async\" src=\"https:\/\/www.portalalerta.com.br\/wp-content\/uploads\/2021\/04\/ELAB.jpg\" alt=\"\" class=\"wp-image-34795\" width=\"267\" height=\"214\" srcset=\"https:\/\/www.portalalerta.com.br\/wp-content\/uploads\/2021\/04\/ELAB.jpg 1000w, https:\/\/www.portalalerta.com.br\/wp-content\/uploads\/2021\/04\/ELAB-300x240.jpg 300w, https:\/\/www.portalalerta.com.br\/wp-content\/uploads\/2021\/04\/ELAB-768x614.jpg 768w, https:\/\/www.portalalerta.com.br\/wp-content\/uploads\/2021\/04\/ELAB-183x146.jpg 183w, https:\/\/www.portalalerta.com.br\/wp-content\/uploads\/2021\/04\/ELAB-50x40.jpg 50w, https:\/\/www.portalalerta.com.br\/wp-content\/uploads\/2021\/04\/ELAB-94x75.jpg 94w\" sizes=\"(max-width: 267px) 100vw, 267px\" \/><\/figure><\/div>\n\n\n\n<p><strong><em>\u201cN\u00e3o me lembro na hist\u00f3ria da Bahia uma situa\u00e7\u00e3o desse tipo com a chuva causando estragos em v\u00e1rias cidades e diferentes regi\u00f5es do estado ao mesmo tempo\u201d,<\/em><\/strong> declarou Rui Costa. O chefe do executivo anunciou tamb\u00e9m a amplia\u00e7\u00e3o de bases de apoio que funcionam como centros de apoio regional das a\u00e7\u00f5es emergenciais. Eles est\u00e3o em funcionamento em Vit\u00f3ria da Conquista, Ilh\u00e9us, Itapetinga, Santa In\u00eas e Ipia\u00fa.&nbsp;<\/p>\n\n\n\n<p>O trabalho est\u00e1 centrado na ajuda \u00e0s cidades que sofrem com fortes temporais nas regi\u00f5es Sul e Sudoeste e no Vale do Jequiri\u00e7\u00e1. Participam da agenda os secret\u00e1rios da Infraestrutura, Marcos Cavalcanti; da Sa\u00fade, Tereza Paim; o comandante do Bombeiros, Adson Marchesini e t\u00e9cnicos da Defesa Civil para agilizar a\u00e7\u00f5es de apoio \u00e0 popula\u00e7\u00e3o, recupera\u00e7\u00e3o de acessos e servi\u00e7os essenciais, al\u00e9m da melhor utiliza\u00e7\u00e3o dos recursos enviados por outros estados como pessoal especializado em grandes enchentes e aeronaves de resgate.<\/p>\n\n\n\n<p><strong><em>&#8220;Vamos aumentar nossa estrutura de apoio e levar os recursos necess\u00e1rios para \u00e1reas remotas como Itapetinga e outras localidades do Sudoeste, Vale do Jequiri\u00e7\u00e1 e outras regi\u00f5es com o uso de aeronaves para levar de insumos e mantimentos at\u00e9 equipamentos com o objetivo de assegurar todo tipo de resgate ou socorro&#8221;<\/em><\/strong>, determinou Rui.<\/p>\n\n\n\n<p>O Governo orienta que os moradores de \u00e1reas de risco ou no curso de barragens sejam retiradas ou deixem suas casas. <strong><em>&#8220;Nossa preocupa\u00e7\u00e3o \u00e9 salvar vidas, tirar as pessoas das \u00e1reas de risco porque embora a chuva tenha parado, a \u00e1gua n\u00e3o para de subir&#8221;<\/em><\/strong>, enfatizou Rui.<br>&nbsp;<\/p>\n\n\n\n<p><em>Fonte: Metro1<\/em><\/p>\n","protected":false},"excerpt":{"rendered":"<p>Governador anunciou a amplia\u00e7\u00e3o de bases de apoio \u00e0s a\u00e7\u00f5es emergenciais nas cidades de Vit\u00f3ria da Conquista, Ilh\u00e9us, Itapetinga, Santa In\u00eas e Ipia\u00fa<\/p>\n","protected":false},"author":2,"featured_media":40125,"comment_status":"open","ping_status":"open","sticky":false,"template":"","format":"standard","meta":{"om_disable_all_campaigns":false,"_monsterinsights_skip_tracking":false,"_monsterinsights_sitenote_active":false,"_monsterinsights_sitenote_note":"","_monsterinsights_sitenote_category":0,"footnotes":""},"categories":[33,70,69],"tags":[2343,54,1977],"class_list":["post-40112","post","type-post","status-publish","format-standard","has-post-thumbnail","hentry","category-bahia","category-destaques","category-noticias2","tag-alagamentos","tag-bahia","tag-chuvas"],"aioseo_notices":[],"_links":{"self":[{"href":"https:\/\/www.portalalerta.com.br\/index.php\/wp-json\/wp\/v2\/posts\/40112","targetHints":{"allow":["GET"]}}],"collection":[{"href":"https:\/\/www.portalalerta.com.br\/index.php\/wp-json\/wp\/v2\/posts"}],"about":[{"href":"https:\/\/www.portalalerta.com.br\/index.php\/wp-json\/wp\/v2\/types\/post"}],"author":[{"embeddable":true,"href":"https:\/\/www.portalalerta.com.br\/index.php\/wp-json\/wp\/v2\/users\/2"}],"replies":[{"embeddable":true,"href":"https:\/\/www.portalalerta.com.br\/index.php\/wp-json\/wp\/v2\/comments?post=40112"}],"version-history":[{"count":2,"href":"https:\/\/www.portalalerta.com.br\/index.php\/wp-json\/wp\/v2\/posts\/40112\/revisions"}],"predecessor-version":[{"id":40141,"href":"https:\/\/www.portalalerta.com.br\/index.php\/wp-json\/wp\/v2\/posts\/40112\/revisions\/40141"}],"wp:featuredmedia":[{"embeddable":true,"href":"https:\/\/www.portalalerta.com.br\/index.php\/wp-json\/wp\/v2\/media\/40125"}],"wp:attachment":[{"href":"https:\/\/www.portalalerta.com.br\/index.php\/wp-json\/wp\/v2\/media?parent=40112"}],"wp:term":[{"taxonomy":"category","embeddable":true,"href":"https:\/\/www.portalalerta.com.br\/index.php\/wp-json\/wp\/v2\/categories?post=40112"},{"taxonomy":"post_tag","embeddable":true,"href":"https:\/\/www.portalalerta.com.br\/index.php\/wp-json\/wp\/v2\/tags?post=40112"}],"curies":[{"name":"wp","href":"https:\/\/api.w.org\/{rel}","templated":true}]}}