{"id":40186,"date":"2021-12-29T18:01:00","date_gmt":"2021-12-29T21:01:00","guid":{"rendered":"https:\/\/www.portalalerta.com.br\/?p=40186"},"modified":"2021-12-29T15:41:36","modified_gmt":"2021-12-29T18:41:36","slug":"homem-e-assassinado-no-interior-da-propria-casa-em-adustina-ba","status":"publish","type":"post","link":"https:\/\/www.portalalerta.com.br\/index.php\/2021\/12\/29\/homem-e-assassinado-no-interior-da-propria-casa-em-adustina-ba\/","title":{"rendered":"Homem \u00e9 assassinado no interior da pr\u00f3pria casa, em Adustina-BA"},"content":{"rendered":"\n<p>Um homem foi encontrado sem os sinais vitais, no interior da pr\u00f3pria casa, situada na Avenida Ant\u00f4nio Gomes de Santana.<\/p>\n\n\n\n<!--more-->\n\n\n\n<p>O caso foi informado aos policiais militares da cidade, que foram at\u00e9 o local, onde constataram sinais de arrombamento na resid\u00eancia, bem como sinais de viol\u00eancia no corpo da v\u00edtima, identificada como Lu\u00eds Valter dos Santos.<\/p>\n\n\n\n<p>O caso foi informado \u00e0 Pol\u00edcia Civil, bem como ao Departamento de Pol\u00edcia T\u00e9cnica para a realiza\u00e7\u00e3o da per\u00edcia bem como a remo\u00e7\u00e3o do corpo para ser autopsiado. Al\u00e9m disso foi constatado um ferimento causado por disparo de arma de fogo.<\/p>\n\n\n\n<p>Tamb\u00e9m ficar\u00e1 a cargo da Pol\u00edcia as investiga\u00e7\u00f5es a respeito da autoria e motiva\u00e7\u00e3o do crime.<\/p>\n\n\n\n<p><em>Reda\u00e7\u00e3o: Portal Alerta<\/em><\/p>\n","protected":false},"excerpt":{"rendered":"<p>Um homem foi encontrado sem os sinais vitais, no interior da pr\u00f3pria casa, situada na Avenida Ant\u00f4nio Gomes de Santana.<\/p>\n","protected":false},"author":2,"featured_media":18412,"comment_status":"open","ping_status":"open","sticky":false,"template":"","format":"standard","meta":{"om_disable_all_campaigns":false,"_monsterinsights_skip_tracking":false,"_monsterinsights_sitenote_active":false,"_monsterinsights_sitenote_note":"","_monsterinsights_sitenote_category":0,"footnotes":""},"categories":[40,70,69,32,22],"tags":[100,375,206],"class_list":["post-40186","post","type-post","status-publish","format-standard","has-post-thumbnail","hentry","category-adustina","category-destaques","category-noticias2","category-regiao","category-seguranca","tag-adustina","tag-disparos-de-arma-de-fogo","tag-homicidio"],"aioseo_notices":[],"_links":{"self":[{"href":"https:\/\/www.portalalerta.com.br\/index.php\/wp-json\/wp\/v2\/posts\/40186","targetHints":{"allow":["GET"]}}],"collection":[{"href":"https:\/\/www.portalalerta.com.br\/index.php\/wp-json\/wp\/v2\/posts"}],"about":[{"href":"https:\/\/www.portalalerta.com.br\/index.php\/wp-json\/wp\/v2\/types\/post"}],"author":[{"embeddable":true,"href":"https:\/\/www.portalalerta.com.br\/index.php\/wp-json\/wp\/v2\/users\/2"}],"replies":[{"embeddable":true,"href":"https:\/\/www.portalalerta.com.br\/index.php\/wp-json\/wp\/v2\/comments?post=40186"}],"version-history":[{"count":1,"href":"https:\/\/www.portalalerta.com.br\/index.php\/wp-json\/wp\/v2\/posts\/40186\/revisions"}],"predecessor-version":[{"id":40190,"href":"https:\/\/www.portalalerta.com.br\/index.php\/wp-json\/wp\/v2\/posts\/40186\/revisions\/40190"}],"wp:featuredmedia":[{"embeddable":true,"href":"https:\/\/www.portalalerta.com.br\/index.php\/wp-json\/wp\/v2\/media\/18412"}],"wp:attachment":[{"href":"https:\/\/www.portalalerta.com.br\/index.php\/wp-json\/wp\/v2\/media?parent=40186"}],"wp:term":[{"taxonomy":"category","embeddable":true,"href":"https:\/\/www.portalalerta.com.br\/index.php\/wp-json\/wp\/v2\/categories?post=40186"},{"taxonomy":"post_tag","embeddable":true,"href":"https:\/\/www.portalalerta.com.br\/index.php\/wp-json\/wp\/v2\/tags?post=40186"}],"curies":[{"name":"wp","href":"https:\/\/api.w.org\/{rel}","templated":true}]}}