{"id":40243,"date":"2022-01-06T18:00:00","date_gmt":"2022-01-06T21:00:00","guid":{"rendered":"https:\/\/www.portalalerta.com.br\/?p=40243"},"modified":"2022-01-06T15:41:39","modified_gmt":"2022-01-06T18:41:39","slug":"justica-determina-que-cbf-bloqueie-premiacoes-do-galo","status":"publish","type":"post","link":"https:\/\/www.portalalerta.com.br\/index.php\/2022\/01\/06\/justica-determina-que-cbf-bloqueie-premiacoes-do-galo\/","title":{"rendered":"Justi\u00e7a determina que CBF bloqueie premia\u00e7\u00f5es do Galo"},"content":{"rendered":"\n<p>Uma decis\u00e3o da Justi\u00e7a de S\u00e3o Paulo ordenou que a Confedera\u00e7\u00e3o Brasileira de Futebol (CBF) bloqueie parte do pagamento feito ao Atl\u00e9tico Mineiro referente \u00e0s premia\u00e7\u00f5es pelas conquistas do Campeonato Brasileiro e da Copa do Brasil do ano passado.<\/p>\n\n\n\n<!--more-->\n\n\n\n<p>A raz\u00e3o para a decis\u00e3o do juiz Carlos Aleksander Goldman, da 39\u00aa Vara C\u00edvel do Foro Central de S\u00e3o Paulo, se d\u00e1 por uma d\u00edvida que o clube de Belo Horizonte tem com o empres\u00e1rio Andr\u00e9 Cury pela compra do atacante argentino Franco Di Santo, feita no ano de 2019. Esta n\u00e3o \u00e9 a \u00fanica a\u00e7\u00e3o que o agente tem contra o Galo, Cury move outras 24 envolvendo neg\u00f3cios de 16 jogadores e mais o treinador venezuelano Rafael Dudamel. Segundo os c\u00e1lculos de Andr\u00e9 Cury, o clube lhe deve R$ 52 milh\u00f5es.<\/p>\n\n\n\n<p>O valor da decis\u00e3o de hoje, que ordenou o bloqueio, \u00e9 de R$ 1.441.337,56. O clube recorreu da decis\u00e3o e o processo seguir\u00e1 correndo na Justi\u00e7a antes que o d\u00e9bito tenha de ser pago, como determinou a primeira inst\u00e2ncia.<\/p>\n\n\n\n<p>O Atl\u00e9tico, por\u00e9m, alega j\u00e1 ter recebido todo o dinheiro referente \u00e0s premia\u00e7\u00f5es do ano de 2021, o que torna a determina\u00e7\u00e3o da Justi\u00e7a \u00e0 CBF inv\u00e1lida, j\u00e1 que a a\u00e7\u00e3o deveria ser feita diretamente ao clube.<\/p>\n\n\n\n<p>O retorno financeiro, alavancado com os t\u00edtulos do Campeonato Brasileiro e da Copa do Brasil, concretizados no m\u00eas de dezembro, chegou a R$145 milh\u00f5es em premia\u00e7\u00f5es na temporada. Al\u00e9m dos t\u00edtulos do Brasileir\u00e3o e da Copa do Brasil, conquistada pra cima do Athletico Paranaense, ter avan\u00e7ado at\u00e9 as semifinais da Copa Libertadores da Am\u00e9rica garantiu que entrasse mais verba no caixa alvinegro.<\/p>\n\n\n\n<p><em>Fonte: Yahoo Not\u00edcias<\/em><\/p>\n","protected":false},"excerpt":{"rendered":"<p>Uma decis\u00e3o da Justi\u00e7a de S\u00e3o Paulo ordenou que a Confedera\u00e7\u00e3o Brasileira de Futebol (CBF) bloqueie parte do pagamento feito ao Atl\u00e9tico Mineiro referente \u00e0s premia\u00e7\u00f5es pelas conquistas do Campeonato Brasileiro e da Copa do Brasil do ano passado.<\/p>\n","protected":false},"author":2,"featured_media":40247,"comment_status":"open","ping_status":"open","sticky":false,"template":"","format":"standard","meta":{"om_disable_all_campaigns":false,"_monsterinsights_skip_tracking":false,"_monsterinsights_sitenote_active":false,"_monsterinsights_sitenote_note":"","_monsterinsights_sitenote_category":0,"footnotes":""},"categories":[34,70,2,69],"tags":[5118,93,945,764,5170,96,97,270,1980],"class_list":["post-40243","post","type-post","status-publish","format-standard","has-post-thumbnail","hentry","category-brasil","category-destaques","category-esportes","category-noticias2","tag-atletico-mineiro","tag-brasil","tag-campeonato-brasileiro","tag-cbf","tag-copa-do-brasil","tag-esporte","tag-futebol","tag-justica","tag-premiacao"],"aioseo_notices":[],"_links":{"self":[{"href":"https:\/\/www.portalalerta.com.br\/index.php\/wp-json\/wp\/v2\/posts\/40243","targetHints":{"allow":["GET"]}}],"collection":[{"href":"https:\/\/www.portalalerta.com.br\/index.php\/wp-json\/wp\/v2\/posts"}],"about":[{"href":"https:\/\/www.portalalerta.com.br\/index.php\/wp-json\/wp\/v2\/types\/post"}],"author":[{"embeddable":true,"href":"https:\/\/www.portalalerta.com.br\/index.php\/wp-json\/wp\/v2\/users\/2"}],"replies":[{"embeddable":true,"href":"https:\/\/www.portalalerta.com.br\/index.php\/wp-json\/wp\/v2\/comments?post=40243"}],"version-history":[{"count":1,"href":"https:\/\/www.portalalerta.com.br\/index.php\/wp-json\/wp\/v2\/posts\/40243\/revisions"}],"predecessor-version":[{"id":40248,"href":"https:\/\/www.portalalerta.com.br\/index.php\/wp-json\/wp\/v2\/posts\/40243\/revisions\/40248"}],"wp:featuredmedia":[{"embeddable":true,"href":"https:\/\/www.portalalerta.com.br\/index.php\/wp-json\/wp\/v2\/media\/40247"}],"wp:attachment":[{"href":"https:\/\/www.portalalerta.com.br\/index.php\/wp-json\/wp\/v2\/media?parent=40243"}],"wp:term":[{"taxonomy":"category","embeddable":true,"href":"https:\/\/www.portalalerta.com.br\/index.php\/wp-json\/wp\/v2\/categories?post=40243"},{"taxonomy":"post_tag","embeddable":true,"href":"https:\/\/www.portalalerta.com.br\/index.php\/wp-json\/wp\/v2\/tags?post=40243"}],"curies":[{"name":"wp","href":"https:\/\/api.w.org\/{rel}","templated":true}]}}