{"id":40244,"date":"2022-01-06T18:01:00","date_gmt":"2022-01-06T21:01:00","guid":{"rendered":"https:\/\/www.portalalerta.com.br\/?p=40244"},"modified":"2022-01-06T15:56:27","modified_gmt":"2022-01-06T18:56:27","slug":"projeto-saude-em-acao-visa-realizar-testagem-em-massa-contra-a-covid-19-em-ribeira-do-pombal-ba","status":"publish","type":"post","link":"https:\/\/www.portalalerta.com.br\/index.php\/2022\/01\/06\/projeto-saude-em-acao-visa-realizar-testagem-em-massa-contra-a-covid-19-em-ribeira-do-pombal-ba\/","title":{"rendered":"Projeto Sa\u00fade em A\u00e7\u00e3o, visa realizar testagem em massa contra a Covid-19, em Ribeira do Pombal-BA"},"content":{"rendered":"\n<p>Na pr\u00f3xima sexta-feira (07), a Prefeitura municipal de Ribeira do Pombal-BA, atrav\u00e9s da Secretaria Municipal de Sa\u00fade realizar\u00e1 o Projeto Sa\u00fade em a\u00e7\u00e3o com a testagem de pessoas com e sem sintomas para a covid-19. A a\u00e7\u00e3o acontecer\u00e1 das 08hs \u00e0s 13hs, em frente ao Banco do Brasil, na Pra\u00e7a Get\u00falio Vargas.<\/p>\n\n\n\n<!--more-->\n\n\n\n<div class=\"wp-block-image\"><figure class=\"alignleft size-large is-resized\"><img fetchpriority=\"high\" decoding=\"async\" src=\"https:\/\/www.portalalerta.com.br\/wp-content\/uploads\/2021\/04\/ELAB.jpg\" alt=\"\" class=\"wp-image-34795\" width=\"278\" height=\"222\" srcset=\"https:\/\/www.portalalerta.com.br\/wp-content\/uploads\/2021\/04\/ELAB.jpg 1000w, https:\/\/www.portalalerta.com.br\/wp-content\/uploads\/2021\/04\/ELAB-300x240.jpg 300w, https:\/\/www.portalalerta.com.br\/wp-content\/uploads\/2021\/04\/ELAB-768x614.jpg 768w, https:\/\/www.portalalerta.com.br\/wp-content\/uploads\/2021\/04\/ELAB-183x146.jpg 183w, https:\/\/www.portalalerta.com.br\/wp-content\/uploads\/2021\/04\/ELAB-50x40.jpg 50w, https:\/\/www.portalalerta.com.br\/wp-content\/uploads\/2021\/04\/ELAB-94x75.jpg 94w\" sizes=\"(max-width: 278px) 100vw, 278px\" \/><\/figure><\/div>\n\n\n\n<p>A testagem em massa facilita a identifica\u00e7\u00e3o e o isolamento imediato de pessoas contaminadas com o coronav\u00edrus, reduzindo drasticamente o cont\u00e1gio. Para isso ser\u00e1 necess\u00e1rio levar RG, CPF e cart\u00e3o do Sus para realizar o exame!<\/p>\n\n\n\n<p>A testagem \u00e9 para a popula\u00e7\u00e3o em geral, em qualquer faixa et\u00e1ria!<\/p>\n\n\n\n<p><em>Fonte: SECOM\/ Ribeira do Pombal<\/em><\/p>\n","protected":false},"excerpt":{"rendered":"<p>Na pr\u00f3xima sexta-feira (07), a Prefeitura municipal de Ribeira do Pombal-BA, atrav\u00e9s da Secretaria Municipal de Sa\u00fade realizar\u00e1 o Projeto Sa\u00fade em a\u00e7\u00e3o com a testagem de pessoas com e sem sintomas para a covid-19. A a\u00e7\u00e3o acontecer\u00e1 das 08hs \u00e0s 13hs, em frente ao Banco do Brasil, na Pra\u00e7a Get\u00falio Vargas.<\/p>\n","protected":false},"author":2,"featured_media":40249,"comment_status":"open","ping_status":"open","sticky":false,"template":"","format":"standard","meta":{"om_disable_all_campaigns":false,"_monsterinsights_skip_tracking":false,"_monsterinsights_sitenote_active":false,"_monsterinsights_sitenote_note":"","_monsterinsights_sitenote_category":0,"footnotes":""},"categories":[70,69,32,3,19],"tags":[3429,3486,47,61,5171,4924],"class_list":["post-40244","post","type-post","status-publish","format-standard","has-post-thumbnail","hentry","category-destaques","category-noticias2","category-regiao","category-ribeira-do-pombal","category-saude","tag-coronavirus","tag-covid-19","tag-ribeira-do-pombal","tag-saude","tag-saude-em-acao","tag-testagem"],"aioseo_notices":[],"_links":{"self":[{"href":"https:\/\/www.portalalerta.com.br\/index.php\/wp-json\/wp\/v2\/posts\/40244","targetHints":{"allow":["GET"]}}],"collection":[{"href":"https:\/\/www.portalalerta.com.br\/index.php\/wp-json\/wp\/v2\/posts"}],"about":[{"href":"https:\/\/www.portalalerta.com.br\/index.php\/wp-json\/wp\/v2\/types\/post"}],"author":[{"embeddable":true,"href":"https:\/\/www.portalalerta.com.br\/index.php\/wp-json\/wp\/v2\/users\/2"}],"replies":[{"embeddable":true,"href":"https:\/\/www.portalalerta.com.br\/index.php\/wp-json\/wp\/v2\/comments?post=40244"}],"version-history":[{"count":1,"href":"https:\/\/www.portalalerta.com.br\/index.php\/wp-json\/wp\/v2\/posts\/40244\/revisions"}],"predecessor-version":[{"id":40250,"href":"https:\/\/www.portalalerta.com.br\/index.php\/wp-json\/wp\/v2\/posts\/40244\/revisions\/40250"}],"wp:featuredmedia":[{"embeddable":true,"href":"https:\/\/www.portalalerta.com.br\/index.php\/wp-json\/wp\/v2\/media\/40249"}],"wp:attachment":[{"href":"https:\/\/www.portalalerta.com.br\/index.php\/wp-json\/wp\/v2\/media?parent=40244"}],"wp:term":[{"taxonomy":"category","embeddable":true,"href":"https:\/\/www.portalalerta.com.br\/index.php\/wp-json\/wp\/v2\/categories?post=40244"},{"taxonomy":"post_tag","embeddable":true,"href":"https:\/\/www.portalalerta.com.br\/index.php\/wp-json\/wp\/v2\/tags?post=40244"}],"curies":[{"name":"wp","href":"https:\/\/api.w.org\/{rel}","templated":true}]}}