{"id":40246,"date":"2022-01-06T18:02:00","date_gmt":"2022-01-06T21:02:00","guid":{"rendered":"https:\/\/www.portalalerta.com.br\/?p=40246"},"modified":"2022-01-06T17:12:51","modified_gmt":"2022-01-06T20:12:51","slug":"onibus-que-fazia-linha-salvador-x-paulo-afonso-e-assaltado-na-br-110-em-alagoinhas-ba","status":"publish","type":"post","link":"https:\/\/www.portalalerta.com.br\/index.php\/2022\/01\/06\/onibus-que-fazia-linha-salvador-x-paulo-afonso-e-assaltado-na-br-110-em-alagoinhas-ba\/","title":{"rendered":"\u00d4nibus que fazia linha Salvador x Paulo Afonso foi assaltado na BR-110, em Alagoinhas-BA"},"content":{"rendered":"\n<p>O \u00f4nibus da Via\u00e7\u00e3o Regional que fazia &nbsp;linha Salvador-BA x Paulo Afonso-BA, foi assaltado na \u00faltima segunda-feira (03), no entroncamento das BR 101 e 110, entre Alagoinhas BA e Inhambupe BA. A viagem seguia com todos os assentos ocupados (50 passageiros).<\/p>\n\n\n\n<!--more-->\n\n\n\n<p>O \u00f4nibus saiu da Rodovi\u00e1ria de Salvador BA \u00e0s 18:50 h e um pouco mais tarde foi interceptado por 08 (oito) homens armados, que sa\u00edram do matagal aproximando-se do ve\u00edculo quando este reduziu a velocidade em fun\u00e7\u00e3o de um redutor<\/p>\n\n\n\n<div class=\"wp-block-image\"><figure class=\"aligncenter size-large\"><img fetchpriority=\"high\" decoding=\"async\" width=\"720\" height=\"181\" src=\"https:\/\/www.portalalerta.com.br\/wp-content\/uploads\/2018\/02\/Auto-Escola-Nobre.jpg\" alt=\"\" class=\"wp-image-4869\" srcset=\"https:\/\/www.portalalerta.com.br\/wp-content\/uploads\/2018\/02\/Auto-Escola-Nobre.jpg 720w, https:\/\/www.portalalerta.com.br\/wp-content\/uploads\/2018\/02\/Auto-Escola-Nobre-260x65.jpg 260w, https:\/\/www.portalalerta.com.br\/wp-content\/uploads\/2018\/02\/Auto-Escola-Nobre-50x13.jpg 50w, https:\/\/www.portalalerta.com.br\/wp-content\/uploads\/2018\/02\/Auto-Escola-Nobre-150x38.jpg 150w\" sizes=\"(max-width: 720px) 100vw, 720px\" \/><\/figure><\/div>\n\n\n\n<p>Ap\u00f3s dispararem na frente do ve\u00edculo para intimidar os passageiros, fizeram abrir a porta e um deles tomou a dire\u00e7\u00e3o do mesmo, o levando para uma estrada vicinal efetuando saque total dos pertences dos passageiros (bagagem rel\u00f3gios, celulares, dinheiro etc), tendo como apoio um autom\u00f3vel com um reboque<\/p>\n\n\n\n<p>Ainda fizeram todos descerem, deixando os homens apenas de cuecas sentados no ch\u00e3o e mantiveram as mulheres vestidas.<\/p>\n\n\n\n<p>O \u00f4nibus seguiu viagem, ap\u00f3s liberado, chegando em Jeremoabo-BA por volta de 7.30hs, seguindo para Paulo Afonso.<\/p>\n\n\n\n<p>As investiga\u00e7\u00f5es ficar\u00e3o a cargo da Pol\u00edcia Civil.<\/p>\n\n\n\n<p><em>Fonte: Conex\u00e3o Verdade<\/em><\/p>\n","protected":false},"excerpt":{"rendered":"<p>O \u00f4nibus da Via\u00e7\u00e3o Regional que fazia &nbsp;linha Salvador-BA x Paulo Afonso-BA, foi assaltado na \u00faltima segunda-feira (03), no entroncamento das BR 101 e 110, entre Alagoinhas BA e Inhambupe BA. A viagem seguia com todos os assentos ocupados (50 passageiros).<\/p>\n","protected":false},"author":2,"featured_media":40251,"comment_status":"open","ping_status":"open","sticky":false,"template":"","format":"standard","meta":{"om_disable_all_campaigns":false,"_monsterinsights_skip_tracking":false,"_monsterinsights_sitenote_active":false,"_monsterinsights_sitenote_note":"","_monsterinsights_sitenote_category":0,"footnotes":""},"categories":[33,70,69,22],"tags":[177,564,54,118,330],"class_list":["post-40246","post","type-post","status-publish","format-standard","has-post-thumbnail","hentry","category-bahia","category-destaques","category-noticias2","category-seguranca","tag-alagoinhas","tag-assalto-a-onibus","tag-bahia","tag-paulo-afonso","tag-salvador"],"aioseo_notices":[],"_links":{"self":[{"href":"https:\/\/www.portalalerta.com.br\/index.php\/wp-json\/wp\/v2\/posts\/40246","targetHints":{"allow":["GET"]}}],"collection":[{"href":"https:\/\/www.portalalerta.com.br\/index.php\/wp-json\/wp\/v2\/posts"}],"about":[{"href":"https:\/\/www.portalalerta.com.br\/index.php\/wp-json\/wp\/v2\/types\/post"}],"author":[{"embeddable":true,"href":"https:\/\/www.portalalerta.com.br\/index.php\/wp-json\/wp\/v2\/users\/2"}],"replies":[{"embeddable":true,"href":"https:\/\/www.portalalerta.com.br\/index.php\/wp-json\/wp\/v2\/comments?post=40246"}],"version-history":[{"count":2,"href":"https:\/\/www.portalalerta.com.br\/index.php\/wp-json\/wp\/v2\/posts\/40246\/revisions"}],"predecessor-version":[{"id":40254,"href":"https:\/\/www.portalalerta.com.br\/index.php\/wp-json\/wp\/v2\/posts\/40246\/revisions\/40254"}],"wp:featuredmedia":[{"embeddable":true,"href":"https:\/\/www.portalalerta.com.br\/index.php\/wp-json\/wp\/v2\/media\/40251"}],"wp:attachment":[{"href":"https:\/\/www.portalalerta.com.br\/index.php\/wp-json\/wp\/v2\/media?parent=40246"}],"wp:term":[{"taxonomy":"category","embeddable":true,"href":"https:\/\/www.portalalerta.com.br\/index.php\/wp-json\/wp\/v2\/categories?post=40246"},{"taxonomy":"post_tag","embeddable":true,"href":"https:\/\/www.portalalerta.com.br\/index.php\/wp-json\/wp\/v2\/tags?post=40246"}],"curies":[{"name":"wp","href":"https:\/\/api.w.org\/{rel}","templated":true}]}}