{"id":40255,"date":"2022-01-07T12:56:00","date_gmt":"2022-01-07T15:56:00","guid":{"rendered":"https:\/\/www.portalalerta.com.br\/?p=40255"},"modified":"2022-01-07T12:56:01","modified_gmt":"2022-01-07T15:56:01","slug":"bolsonaro-diz-que-tecnicos-da-anvisa-sao-tarados-por-vacina","status":"publish","type":"post","link":"https:\/\/www.portalalerta.com.br\/index.php\/2022\/01\/07\/bolsonaro-diz-que-tecnicos-da-anvisa-sao-tarados-por-vacina\/","title":{"rendered":"Bolsonaro diz que t\u00e9cnicos da Anvisa s\u00e3o &#8216;tarados por vacina&#8217;"},"content":{"rendered":"\n<p>Jair Bolsonaro (PL) voltou a criticar nesta quinta-feira (7) a vacina\u00e7\u00e3o contra Covid-19 de crian\u00e7as de 5 a 11 anos, um dia ap\u00f3s o Minist\u00e9rio da Sa\u00fade ter anunciado regras para a imuniza\u00e7\u00e3o infantil.<\/p>\n\n\n\n<!--more-->\n\n\n\n<div class=\"wp-block-image\"><figure class=\"alignleft size-large is-resized\"><img fetchpriority=\"high\" decoding=\"async\" src=\"https:\/\/www.portalalerta.com.br\/wp-content\/uploads\/2021\/04\/ELAB.jpg\" alt=\"\" class=\"wp-image-34795\" width=\"288\" height=\"230\" srcset=\"https:\/\/www.portalalerta.com.br\/wp-content\/uploads\/2021\/04\/ELAB.jpg 1000w, https:\/\/www.portalalerta.com.br\/wp-content\/uploads\/2021\/04\/ELAB-300x240.jpg 300w, https:\/\/www.portalalerta.com.br\/wp-content\/uploads\/2021\/04\/ELAB-768x614.jpg 768w, https:\/\/www.portalalerta.com.br\/wp-content\/uploads\/2021\/04\/ELAB-183x146.jpg 183w, https:\/\/www.portalalerta.com.br\/wp-content\/uploads\/2021\/04\/ELAB-50x40.jpg 50w, https:\/\/www.portalalerta.com.br\/wp-content\/uploads\/2021\/04\/ELAB-94x75.jpg 94w\" sizes=\"(max-width: 288px) 100vw, 288px\" \/><\/figure><\/div>\n\n\n\n<p>Em entrevista \u00e0 TV Nova Nordeste, o presidente chamou os t\u00e9cnicos da Ag\u00eancia Nacional de Vigil\u00e2ncia Sanit\u00e1ria (Anvisa) de <strong>&#8220;tarados por vacina&#8221;<\/strong> e repetiu que n\u00e3o vacinar\u00e1 sua filha ca\u00e7ula, Laura, de 11 anos, contra o novo coronav\u00edrus.<br><br><strong><em>&#8220;A Anvisa lamentavelmente aprovou a vacina para crian\u00e7as entre 5 e 11 anos de idade. A minha opini\u00e3o, quero dar para voc\u00ea aqui, a minha filha de 11 anos n\u00e3o ser\u00e1 vacinada&#8221;<\/em><\/strong>, afirmou.<br><br><strong><em>&#8220;O que est\u00e1 por tr\u00e1s disso? Qual \u00e9 o interesse da Anvisa por tr\u00e1s disso a\u00ed? Qual o interesse daquelas pessoas taradas por vacina? \u00c9 pela sua vida? \u00c9 pela sua sa\u00fade? Se fosse, estariam preocupados com outras doen\u00e7as no Brasil, que n\u00e3o est\u00e3o&#8221;<\/em><\/strong>, questionou o chefe do Planalto.<br><br>Na quarta-feira, o Minist\u00e9rio da Sa\u00fade recuou da decis\u00e3o de exigir receita m\u00e9dica para a vacina\u00e7\u00e3o de crian\u00e7as. A imuniza\u00e7\u00e3o do p\u00fablico de 5 a 11 anos est\u00e1 autorizada pela Anvisa desde o dia 16 de dezembro.<\/p>\n\n\n\n<p><em>Fonte: Cleriston Silva<\/em><\/p>\n","protected":false},"excerpt":{"rendered":"<p>Jair Bolsonaro (PL) voltou a criticar nesta quinta-feira (7) a vacina\u00e7\u00e3o contra Covid-19 de crian\u00e7as de 5 a 11 anos, um dia ap\u00f3s o Minist\u00e9rio da Sa\u00fade ter anunciado regras para a imuniza\u00e7\u00e3o infantil.<\/p>\n","protected":false},"author":2,"featured_media":32546,"comment_status":"open","ping_status":"open","sticky":false,"template":"","format":"standard","meta":{"om_disable_all_campaigns":false,"_monsterinsights_skip_tracking":false,"_monsterinsights_sitenote_active":false,"_monsterinsights_sitenote_note":"","_monsterinsights_sitenote_category":0,"footnotes":""},"categories":[34,70,69,21,19],"tags":[2235,93,1198,1152,3570],"class_list":["post-40255","post","type-post","status-publish","format-standard","has-post-thumbnail","hentry","category-brasil","category-destaques","category-noticias2","category-politica","category-saude","tag-anvisa","tag-brasil","tag-criancas","tag-presidente-da-republica","tag-vacina"],"aioseo_notices":[],"_links":{"self":[{"href":"https:\/\/www.portalalerta.com.br\/index.php\/wp-json\/wp\/v2\/posts\/40255","targetHints":{"allow":["GET"]}}],"collection":[{"href":"https:\/\/www.portalalerta.com.br\/index.php\/wp-json\/wp\/v2\/posts"}],"about":[{"href":"https:\/\/www.portalalerta.com.br\/index.php\/wp-json\/wp\/v2\/types\/post"}],"author":[{"embeddable":true,"href":"https:\/\/www.portalalerta.com.br\/index.php\/wp-json\/wp\/v2\/users\/2"}],"replies":[{"embeddable":true,"href":"https:\/\/www.portalalerta.com.br\/index.php\/wp-json\/wp\/v2\/comments?post=40255"}],"version-history":[{"count":1,"href":"https:\/\/www.portalalerta.com.br\/index.php\/wp-json\/wp\/v2\/posts\/40255\/revisions"}],"predecessor-version":[{"id":40259,"href":"https:\/\/www.portalalerta.com.br\/index.php\/wp-json\/wp\/v2\/posts\/40255\/revisions\/40259"}],"wp:featuredmedia":[{"embeddable":true,"href":"https:\/\/www.portalalerta.com.br\/index.php\/wp-json\/wp\/v2\/media\/32546"}],"wp:attachment":[{"href":"https:\/\/www.portalalerta.com.br\/index.php\/wp-json\/wp\/v2\/media?parent=40255"}],"wp:term":[{"taxonomy":"category","embeddable":true,"href":"https:\/\/www.portalalerta.com.br\/index.php\/wp-json\/wp\/v2\/categories?post=40255"},{"taxonomy":"post_tag","embeddable":true,"href":"https:\/\/www.portalalerta.com.br\/index.php\/wp-json\/wp\/v2\/tags?post=40255"}],"curies":[{"name":"wp","href":"https:\/\/api.w.org\/{rel}","templated":true}]}}