{"id":40257,"date":"2022-01-07T13:31:11","date_gmt":"2022-01-07T16:31:11","guid":{"rendered":"https:\/\/www.portalalerta.com.br\/?p=40257"},"modified":"2022-01-07T13:31:12","modified_gmt":"2022-01-07T16:31:12","slug":"policia-civil-prende-homem-que-estava-ameacando-assassinar-mulher-e-filhos-em-euclides-da-cunha-ba","status":"publish","type":"post","link":"https:\/\/www.portalalerta.com.br\/index.php\/2022\/01\/07\/policia-civil-prende-homem-que-estava-ameacando-assassinar-mulher-e-filhos-em-euclides-da-cunha-ba\/","title":{"rendered":"Pol\u00edcia Civil prende homem que estava amea\u00e7ando assassinar mulher e filhos em Euclides da Cunha-BA"},"content":{"rendered":"\n<p>Um homem acusado de agredir e amea\u00e7ar de morte sua esposa e seus dois filhos foi preso em flagrante na quarta-feira (5), ap\u00f3s policiais da 25\u00aa Coordenadoria Regional de Pol\u00edcia do Interior (Coorpin) de Euclides da Cunha irem averiguar a den\u00fancia feita pela mulher, que prestou uma ocorr\u00eancia na unidade policial contra o agressor.<\/p>\n\n\n\n<!--more-->\n\n\n\n<div class=\"wp-block-image\"><figure class=\"alignleft size-large is-resized\"><img fetchpriority=\"high\" decoding=\"async\" src=\"https:\/\/www.portalalerta.com.br\/wp-content\/uploads\/2021\/10\/Cred-Real-1024x1024.jpeg\" alt=\"\" class=\"wp-image-38729\" width=\"303\" height=\"303\" srcset=\"https:\/\/www.portalalerta.com.br\/wp-content\/uploads\/2021\/10\/Cred-Real-1024x1024.jpeg 1024w, https:\/\/www.portalalerta.com.br\/wp-content\/uploads\/2021\/10\/Cred-Real-240x240.jpeg 240w, https:\/\/www.portalalerta.com.br\/wp-content\/uploads\/2021\/10\/Cred-Real-768x768.jpeg 768w, https:\/\/www.portalalerta.com.br\/wp-content\/uploads\/2021\/10\/Cred-Real-1536x1536.jpeg 1536w, https:\/\/www.portalalerta.com.br\/wp-content\/uploads\/2021\/10\/Cred-Real-146x146.jpeg 146w, https:\/\/www.portalalerta.com.br\/wp-content\/uploads\/2021\/10\/Cred-Real-50x50.jpeg 50w, https:\/\/www.portalalerta.com.br\/wp-content\/uploads\/2021\/10\/Cred-Real-75x75.jpeg 75w, https:\/\/www.portalalerta.com.br\/wp-content\/uploads\/2021\/10\/Cred-Real-85x85.jpeg 85w, https:\/\/www.portalalerta.com.br\/wp-content\/uploads\/2021\/10\/Cred-Real-80x80.jpeg 80w, https:\/\/www.portalalerta.com.br\/wp-content\/uploads\/2021\/10\/Cred-Real.jpeg 1920w\" sizes=\"(max-width: 303px) 100vw, 303px\" \/><\/figure><\/div>\n\n\n\n<p><strong><em>\u201cEm depoimento, a v\u00edtima afirmou que ele n\u00e3o aceitava o fim do relacionamento e ela n\u00e3o poderia voltar para casa com seus dois filhos, pois ele informou que mataria todos, caso ela denunciasse as agress\u00f5es. De posse dessas informa\u00e7\u00f5es, nossa equipe foi at\u00e9 o local e prendeu o agressor em flagrante\u201d<\/em><\/strong>, explicou o coordenador da 25\u00aa Coorpin, delegado Paulo Jason.<br>Medidas protetivas de urg\u00eancia tamb\u00e9m foram solicitadas para a v\u00edtima e as crian\u00e7as. O homem foi encaminhado para a Coorpin, onde segue preso \u00e0 disposi\u00e7\u00e3o da Justi\u00e7a.<\/p>\n\n\n\n<p><em>Fonte: Cleriston Silva<\/em><\/p>\n","protected":false},"excerpt":{"rendered":"<p>Um homem acusado de agredir e amea\u00e7ar de morte sua esposa e seus dois filhos foi preso em flagrante na quarta-feira (5), ap\u00f3s policiais da 25\u00aa Coordenadoria Regional de Pol\u00edcia do Interior (Coorpin) de Euclides da Cunha irem averiguar a den\u00fancia feita pela mulher, que prestou uma ocorr\u00eancia na unidade policial contra o agressor.<\/p>\n","protected":false},"author":2,"featured_media":15607,"comment_status":"open","ping_status":"open","sticky":false,"template":"","format":"standard","meta":{"om_disable_all_campaigns":false,"_monsterinsights_skip_tracking":false,"_monsterinsights_sitenote_active":false,"_monsterinsights_sitenote_note":"","_monsterinsights_sitenote_category":0,"footnotes":""},"categories":[70,17,69,32,22],"tags":[59,129,122,77,523],"class_list":["post-40257","post","type-post","status-publish","format-standard","has-post-thumbnail","hentry","category-destaques","category-euclides-da-cunha","category-noticias2","category-regiao","category-seguranca","tag-ameaca","tag-euclides-da-cunha","tag-policia-civil","tag-preso","tag-violencia-domestica"],"aioseo_notices":[],"_links":{"self":[{"href":"https:\/\/www.portalalerta.com.br\/index.php\/wp-json\/wp\/v2\/posts\/40257","targetHints":{"allow":["GET"]}}],"collection":[{"href":"https:\/\/www.portalalerta.com.br\/index.php\/wp-json\/wp\/v2\/posts"}],"about":[{"href":"https:\/\/www.portalalerta.com.br\/index.php\/wp-json\/wp\/v2\/types\/post"}],"author":[{"embeddable":true,"href":"https:\/\/www.portalalerta.com.br\/index.php\/wp-json\/wp\/v2\/users\/2"}],"replies":[{"embeddable":true,"href":"https:\/\/www.portalalerta.com.br\/index.php\/wp-json\/wp\/v2\/comments?post=40257"}],"version-history":[{"count":1,"href":"https:\/\/www.portalalerta.com.br\/index.php\/wp-json\/wp\/v2\/posts\/40257\/revisions"}],"predecessor-version":[{"id":40263,"href":"https:\/\/www.portalalerta.com.br\/index.php\/wp-json\/wp\/v2\/posts\/40257\/revisions\/40263"}],"wp:featuredmedia":[{"embeddable":true,"href":"https:\/\/www.portalalerta.com.br\/index.php\/wp-json\/wp\/v2\/media\/15607"}],"wp:attachment":[{"href":"https:\/\/www.portalalerta.com.br\/index.php\/wp-json\/wp\/v2\/media?parent=40257"}],"wp:term":[{"taxonomy":"category","embeddable":true,"href":"https:\/\/www.portalalerta.com.br\/index.php\/wp-json\/wp\/v2\/categories?post=40257"},{"taxonomy":"post_tag","embeddable":true,"href":"https:\/\/www.portalalerta.com.br\/index.php\/wp-json\/wp\/v2\/tags?post=40257"}],"curies":[{"name":"wp","href":"https:\/\/api.w.org\/{rel}","templated":true}]}}