{"id":40258,"date":"2022-01-07T13:25:03","date_gmt":"2022-01-07T16:25:03","guid":{"rendered":"https:\/\/www.portalalerta.com.br\/?p=40258"},"modified":"2022-01-07T13:25:04","modified_gmt":"2022-01-07T16:25:04","slug":"com-aumento-de-casos-salvador-entra-em-descontrole-epidemiologico-para-covid-19","status":"publish","type":"post","link":"https:\/\/www.portalalerta.com.br\/index.php\/2022\/01\/07\/com-aumento-de-casos-salvador-entra-em-descontrole-epidemiologico-para-covid-19\/","title":{"rendered":"Com aumento de casos, Salvador entra em \u2018descontrole epidemiol\u00f3gico&#8217; para Covid-19"},"content":{"rendered":"\n<p>Depois de afirmar que uma nova onda de Covid-19 estava se desenhando em Salvador,\u00a0o secret\u00e1rio de Sa\u00fade da capital, L\u00e9o Prates, afirmou que, nesta sexta-feira (07) a situa\u00e7\u00e3o da pandemia na cidade entrou em <strong><em>\u2018descontrole epidemiol\u00f3gico&#8217;<\/em><\/strong>.<\/p>\n\n\n\n<!--more-->\n\n\n\n<p>De acordo com o secret\u00e1rio, pela primeira vez em semanas o fator RT &#8211; taxa que mede a transmissibilidade da doen\u00e7a &#8211; ultrapassou 1 ponto, n\u00edvel considerado de controle pela Organiza\u00e7\u00e3o Mundial de Sa\u00fade (OMS).<\/p>\n\n\n\n<div class=\"wp-block-image\"><figure class=\"aligncenter size-large\"><img fetchpriority=\"high\" decoding=\"async\" width=\"720\" height=\"181\" src=\"https:\/\/www.portalalerta.com.br\/wp-content\/uploads\/2018\/02\/Auto-Escola-Nobre.jpg\" alt=\"\" class=\"wp-image-4869\" srcset=\"https:\/\/www.portalalerta.com.br\/wp-content\/uploads\/2018\/02\/Auto-Escola-Nobre.jpg 720w, https:\/\/www.portalalerta.com.br\/wp-content\/uploads\/2018\/02\/Auto-Escola-Nobre-260x65.jpg 260w, https:\/\/www.portalalerta.com.br\/wp-content\/uploads\/2018\/02\/Auto-Escola-Nobre-50x13.jpg 50w, https:\/\/www.portalalerta.com.br\/wp-content\/uploads\/2018\/02\/Auto-Escola-Nobre-150x38.jpg 150w\" sizes=\"(max-width: 720px) 100vw, 720px\" \/><\/figure><\/div>\n\n\n\n<p>Segundo L\u00e9o,&nbsp;a taxa na cidade est\u00e1 em 1,15, o que acende o alerta de que a pandemia pode se agravar nos pr\u00f3ximos dias. <strong><em>\u201cEstamos muito pressionados no geral. Em rela\u00e7\u00e3o \u00e0 Covid e gripe ainda temos folga para interna\u00e7\u00e3o. O descontrole ainda n\u00e3o se reverteu em interna\u00e7\u00f5es\u201d<\/em><\/strong>, afirmou.<\/p>\n\n\n\n<p>Para o titular da sa\u00fade, \u00e9 poss\u00edvel que a press\u00e3o no sistema de sa\u00fade seja maior depois do dia 15 de janeiro. <strong><em>\u201cEsperamos que n\u00e3o se concretize\u201d<\/em><\/strong>, desejou L\u00e9o.<\/p>\n\n\n\n<p><em>Fonte: Metro1<\/em><\/p>\n","protected":false},"excerpt":{"rendered":"<p>Depois de afirmar que uma nova onda de Covid-19 estava se desenhando em Salvador,\u00a0o secret\u00e1rio de Sa\u00fade da capital, L\u00e9o Prates, afirmou que, nesta sexta-feira (07) a situa\u00e7\u00e3o da pandemia na cidade entrou em \u2018descontrole epidemiol\u00f3gico&#8217;.<\/p>\n","protected":false},"author":2,"featured_media":24057,"comment_status":"open","ping_status":"open","sticky":false,"template":"","format":"standard","meta":{"om_disable_all_campaigns":false,"_monsterinsights_skip_tracking":false,"_monsterinsights_sitenote_active":false,"_monsterinsights_sitenote_note":"","_monsterinsights_sitenote_category":0,"footnotes":""},"categories":[33,70,69,19],"tags":[54,3429,3486,5172,330,433,4262],"class_list":["post-40258","post","type-post","status-publish","format-standard","has-post-thumbnail","hentry","category-bahia","category-destaques","category-noticias2","category-saude","tag-bahia","tag-coronavirus","tag-covid-19","tag-leo-prates","tag-salvador","tag-secretaria-de-saude","tag-secretario-de-saude-2"],"aioseo_notices":[],"_links":{"self":[{"href":"https:\/\/www.portalalerta.com.br\/index.php\/wp-json\/wp\/v2\/posts\/40258","targetHints":{"allow":["GET"]}}],"collection":[{"href":"https:\/\/www.portalalerta.com.br\/index.php\/wp-json\/wp\/v2\/posts"}],"about":[{"href":"https:\/\/www.portalalerta.com.br\/index.php\/wp-json\/wp\/v2\/types\/post"}],"author":[{"embeddable":true,"href":"https:\/\/www.portalalerta.com.br\/index.php\/wp-json\/wp\/v2\/users\/2"}],"replies":[{"embeddable":true,"href":"https:\/\/www.portalalerta.com.br\/index.php\/wp-json\/wp\/v2\/comments?post=40258"}],"version-history":[{"count":1,"href":"https:\/\/www.portalalerta.com.br\/index.php\/wp-json\/wp\/v2\/posts\/40258\/revisions"}],"predecessor-version":[{"id":40262,"href":"https:\/\/www.portalalerta.com.br\/index.php\/wp-json\/wp\/v2\/posts\/40258\/revisions\/40262"}],"wp:featuredmedia":[{"embeddable":true,"href":"https:\/\/www.portalalerta.com.br\/index.php\/wp-json\/wp\/v2\/media\/24057"}],"wp:attachment":[{"href":"https:\/\/www.portalalerta.com.br\/index.php\/wp-json\/wp\/v2\/media?parent=40258"}],"wp:term":[{"taxonomy":"category","embeddable":true,"href":"https:\/\/www.portalalerta.com.br\/index.php\/wp-json\/wp\/v2\/categories?post=40258"},{"taxonomy":"post_tag","embeddable":true,"href":"https:\/\/www.portalalerta.com.br\/index.php\/wp-json\/wp\/v2\/tags?post=40258"}],"curies":[{"name":"wp","href":"https:\/\/api.w.org\/{rel}","templated":true}]}}