{"id":40515,"date":"2022-01-22T12:00:00","date_gmt":"2022-01-22T15:00:00","guid":{"rendered":"https:\/\/www.portalalerta.com.br\/?p=40515"},"modified":"2022-01-22T00:09:55","modified_gmt":"2022-01-22T03:09:55","slug":"chamada-publica-para-aquisicao-alimentos-da-agricultura-familiar-em-ribeira-do-pombal-ba","status":"publish","type":"post","link":"https:\/\/www.portalalerta.com.br\/index.php\/2022\/01\/22\/chamada-publica-para-aquisicao-alimentos-da-agricultura-familiar-em-ribeira-do-pombal-ba\/","title":{"rendered":"Chamada P\u00fablica para aquisi\u00e7\u00e3o alimentos da Agricultura Familiar, em Ribeira do Pombal-BA"},"content":{"rendered":"\n<p>A edi\u00e7\u00e3o do Di\u00e1rio Oficial da Prefeitura de Ribeira do Pombal-BA traz aviso de Chamada P\u00fablica, visando \u00e0 aquisi\u00e7\u00e3o de g\u00eaneros aliment\u00edcios da agricultura familiar e do empreendedor familiar rural, destinados ao atendimento do Programa Nacional de Alimenta\u00e7\u00e3o Escolar\/PNAE, para o ano letivo de 2022.<\/p>\n\n\n\n<!--more-->\n\n\n\n<div class=\"wp-block-image\"><figure class=\"alignleft size-large is-resized\"><img fetchpriority=\"high\" decoding=\"async\" src=\"https:\/\/www.portalalerta.com.br\/wp-content\/uploads\/2021\/04\/ELAB.jpg\" alt=\"\" class=\"wp-image-34795\" width=\"310\" height=\"248\" srcset=\"https:\/\/www.portalalerta.com.br\/wp-content\/uploads\/2021\/04\/ELAB.jpg 1000w, https:\/\/www.portalalerta.com.br\/wp-content\/uploads\/2021\/04\/ELAB-300x240.jpg 300w, https:\/\/www.portalalerta.com.br\/wp-content\/uploads\/2021\/04\/ELAB-768x614.jpg 768w, https:\/\/www.portalalerta.com.br\/wp-content\/uploads\/2021\/04\/ELAB-183x146.jpg 183w, https:\/\/www.portalalerta.com.br\/wp-content\/uploads\/2021\/04\/ELAB-50x40.jpg 50w, https:\/\/www.portalalerta.com.br\/wp-content\/uploads\/2021\/04\/ELAB-94x75.jpg 94w\" sizes=\"(max-width: 310px) 100vw, 310px\" \/><\/figure><\/div>\n\n\n\n<p>Os interessados (Grupos Formais, informais ou fornecedores individuais) devem apresentar documenta\u00e7\u00e3o para habilita\u00e7\u00e3o e projetos de vendas at\u00e9 o dia 07 de fevereiro de 2022, no Departamento de Licita\u00e7\u00f5es e Contratos situado no pr\u00e9dio da Prefeitura.<\/p>\n\n\n\n<p>O Edital estabelecendo as condi\u00e7\u00f5es e demais informa\u00e7\u00f5es necess\u00e1rias \u00e0 participa\u00e7\u00e3o, poder\u00e1 ser retirado, preferencialmente, no Di\u00e1rio Oficial do Munic\u00edpio ou pessoalmente junto a Comiss\u00e3o de Licita\u00e7\u00f5es no endere\u00e7o sede da Prefeitura.<\/p>\n\n\n\n<p>&nbsp;.&nbsp;<a href=\"https:\/\/sai.io.org.br\/Handler.ashx?f=diario&amp;query=1009&amp;c=653&amp;m=0\" target=\"_blank\" rel=\"noreferrer noopener\">Edital da Chamada P\u00fablica 001\/2022, clique aqui<\/a><\/p>\n\n\n\n<p><em>Fonte: SECOM\/ Ribeira do Pombal<\/em><\/p>\n","protected":false},"excerpt":{"rendered":"<p>A edi\u00e7\u00e3o do Di\u00e1rio Oficial da Prefeitura de Ribeira do Pombal-BA traz aviso de Chamada P\u00fablica, visando \u00e0 aquisi\u00e7\u00e3o de g\u00eaneros aliment\u00edcios da agricultura familiar e do empreendedor familiar rural, destinados ao atendimento do Programa Nacional de Alimenta\u00e7\u00e3o Escolar\/PNAE, para o ano letivo de 2022.<\/p>\n","protected":false},"author":2,"featured_media":40520,"comment_status":"open","ping_status":"open","sticky":false,"template":"","format":"standard","meta":{"om_disable_all_campaigns":false,"_monsterinsights_skip_tracking":false,"_monsterinsights_sitenote_active":false,"_monsterinsights_sitenote_note":"","_monsterinsights_sitenote_category":0,"footnotes":""},"categories":[70,69,32,3],"tags":[2142,145,47],"class_list":["post-40515","post","type-post","status-publish","format-standard","has-post-thumbnail","hentry","category-destaques","category-noticias2","category-regiao","category-ribeira-do-pombal","tag-agricultura-familiar","tag-prefeitura","tag-ribeira-do-pombal"],"aioseo_notices":[],"_links":{"self":[{"href":"https:\/\/www.portalalerta.com.br\/index.php\/wp-json\/wp\/v2\/posts\/40515","targetHints":{"allow":["GET"]}}],"collection":[{"href":"https:\/\/www.portalalerta.com.br\/index.php\/wp-json\/wp\/v2\/posts"}],"about":[{"href":"https:\/\/www.portalalerta.com.br\/index.php\/wp-json\/wp\/v2\/types\/post"}],"author":[{"embeddable":true,"href":"https:\/\/www.portalalerta.com.br\/index.php\/wp-json\/wp\/v2\/users\/2"}],"replies":[{"embeddable":true,"href":"https:\/\/www.portalalerta.com.br\/index.php\/wp-json\/wp\/v2\/comments?post=40515"}],"version-history":[{"count":1,"href":"https:\/\/www.portalalerta.com.br\/index.php\/wp-json\/wp\/v2\/posts\/40515\/revisions"}],"predecessor-version":[{"id":40521,"href":"https:\/\/www.portalalerta.com.br\/index.php\/wp-json\/wp\/v2\/posts\/40515\/revisions\/40521"}],"wp:featuredmedia":[{"embeddable":true,"href":"https:\/\/www.portalalerta.com.br\/index.php\/wp-json\/wp\/v2\/media\/40520"}],"wp:attachment":[{"href":"https:\/\/www.portalalerta.com.br\/index.php\/wp-json\/wp\/v2\/media?parent=40515"}],"wp:term":[{"taxonomy":"category","embeddable":true,"href":"https:\/\/www.portalalerta.com.br\/index.php\/wp-json\/wp\/v2\/categories?post=40515"},{"taxonomy":"post_tag","embeddable":true,"href":"https:\/\/www.portalalerta.com.br\/index.php\/wp-json\/wp\/v2\/tags?post=40515"}],"curies":[{"name":"wp","href":"https:\/\/api.w.org\/{rel}","templated":true}]}}