{"id":40517,"date":"2022-01-22T12:04:00","date_gmt":"2022-01-22T15:04:00","guid":{"rendered":"https:\/\/www.portalalerta.com.br\/?p=40517"},"modified":"2022-01-22T10:06:34","modified_gmt":"2022-01-22T13:06:34","slug":"calmont-uma-odisseia-brasileira-a-nova-obra-do-escritor-pombalense-osvaldo-morais-sera-lancada-neste-sabado","status":"publish","type":"post","link":"https:\/\/www.portalalerta.com.br\/index.php\/2022\/01\/22\/calmont-uma-odisseia-brasileira-a-nova-obra-do-escritor-pombalense-osvaldo-morais-sera-lancada-neste-sabado\/","title":{"rendered":"Calmont, Uma Odisseia Brasileira: A mais nova obra do escritor pombalense, Osvaldo Morais, ser\u00e1 lan\u00e7ada neste s\u00e1bado!"},"content":{"rendered":"\n<p>O Professor e escritor pombalense, Osvaldo Morais, estar\u00e1 lan\u00e7ando a sua mais nova obra, intitulada de \u201cCalmont, uma odisseia brasileira\u201d. O evento de lan\u00e7amento ser\u00e1 realizado \u00e0s 19hs deste s\u00e1bado (22), no Centro Cultural Dr. D\u00e9rcio de Santana, na Pra\u00e7a da Juventude, em Ribeira do Pombal-BA.<\/p>\n\n\n\n<p><strong>A obra<\/strong><\/p>\n\n\n\n<p>O livro \u201cCalmont, Uma Odisseia Brasileira\u2019 explica como surgiu uma nova fam\u00edlia em meio aos conflitos hist\u00f3ricos, diante da necessidade de supera\u00e7\u00e3o das dificuldades geradas pela vida cotidiana, como amor, \u00f3dio, trai\u00e7\u00e3o, diferen\u00e7as\u2026<\/p>\n\n\n\n<p>Os protagonistas viveram os principais momentos hist\u00f3ricos, desde 1604, na localidade de Calmont, Fran\u00e7a, passando por Espanha, Portugal e Brasil.&nbsp; Seus descendentes chegarem ao Brasil, durante a coloniza\u00e7\u00e3o portuguesa, presenciaram a chegada da fam\u00edlia real, em 1808, a independ\u00eancia do pa\u00eds, em 1822, a passagem da monarquia para a rep\u00fablica, culminando com a chegada de Cosme Calmon, na vila de Pombal, tornando-se o primeiro intendente municipal.<\/p>\n\n\n\n<p>Seus personagens centrais foram pessoas que marcaram o seu tempo, como o jovem aventureiro franc\u00eas Bertrand, o militar portugu\u00eas Jo\u00e3o Calmon, o vig\u00e1rio brasileiro Jo\u00e3o Calmon Du Pin, a baiana cortes\u00e3 Ana Romana, a professora Corina, a \u00edndia Maria dos Anjos, o intendente Cosme Calmon, entre muitos outros.<\/p>\n\n\n\n<p>O enredo cobre mais de tr\u00eas s\u00e9culos de hist\u00f3ria, traz uma vis\u00e3o de quem viveu os acontecimentos, um olhar humano e pr\u00f3ximo.<\/p>\n\n\n\n<p>O livro \u00e9 uma publica\u00e7\u00e3o da editora luso-brasileira Astrol\u00e1bio, estar\u00e1 sendo vendido pelas livrarias Atl\u00e2ntico, Cultura, Travessa, Saraiva, Martins Fontes Paulista, Estante Chiado. Em Portugal, pela Astrol\u00e1bio e FNAC.<\/p>\n\n\n\n<p><em>Reda\u00e7\u00e3o: Portal Alerta<\/em><\/p>\n","protected":false},"excerpt":{"rendered":"<p>O Professor e escritor pombalense, Osvaldo Morais, estar\u00e1 lan\u00e7ando a sua mais nova obra, intitulada de \u201cCalmont, uma odisseia brasileira\u201d. O evento de lan\u00e7amento ser\u00e1 realizado \u00e0s 19hs deste s\u00e1bado (22), no Centro Cultural Dr. D\u00e9rcio de Santana, na Pra\u00e7a da Juventude, em Ribeira do Pombal-BA. A obra O livro \u201cCalmont, Uma Odisseia Brasileira\u2019 explica &hellip;<\/p>\n","protected":false},"author":2,"featured_media":40527,"comment_status":"open","ping_status":"open","sticky":false,"template":"","format":"standard","meta":{"om_disable_all_campaigns":false,"_monsterinsights_skip_tracking":false,"_monsterinsights_sitenote_active":false,"_monsterinsights_sitenote_note":"","_monsterinsights_sitenote_category":0,"footnotes":""},"categories":[40,5,41,33,39,34,4,13,42,70,17,10,6,18,9,35,69,14,8,15,11,43,32,16,3,7,12],"tags":[5197,428,1238,1404,1237,5194],"class_list":["post-40517","post","type-post","status-publish","format-standard","has-post-thumbnail","hentry","category-adustina","category-antas","category-araci","category-bahia","category-banzae","category-brasil","category-cicero-dantas","category-cipo","category-crisopolis","category-destaques","category-euclides-da-cunha","category-fatima","category-heliopolis","category-itapicuru","category-jeremoabo","category-mundo","category-noticias2","category-nova-soure","category-novo-triunfo","category-olindina","category-paripiranga","category-quijingue","category-regiao","category-ribeira-do-amparo","category-ribeira-do-pombal","category-sitio-do-quinto","category-tucano","tag-calmont-uma-odisseia-brasileira","tag-historia","tag-lancamento","tag-literatura","tag-livro","tag-osvaldo-morais"],"aioseo_notices":[],"_links":{"self":[{"href":"https:\/\/www.portalalerta.com.br\/index.php\/wp-json\/wp\/v2\/posts\/40517","targetHints":{"allow":["GET"]}}],"collection":[{"href":"https:\/\/www.portalalerta.com.br\/index.php\/wp-json\/wp\/v2\/posts"}],"about":[{"href":"https:\/\/www.portalalerta.com.br\/index.php\/wp-json\/wp\/v2\/types\/post"}],"author":[{"embeddable":true,"href":"https:\/\/www.portalalerta.com.br\/index.php\/wp-json\/wp\/v2\/users\/2"}],"replies":[{"embeddable":true,"href":"https:\/\/www.portalalerta.com.br\/index.php\/wp-json\/wp\/v2\/comments?post=40517"}],"version-history":[{"count":2,"href":"https:\/\/www.portalalerta.com.br\/index.php\/wp-json\/wp\/v2\/posts\/40517\/revisions"}],"predecessor-version":[{"id":40531,"href":"https:\/\/www.portalalerta.com.br\/index.php\/wp-json\/wp\/v2\/posts\/40517\/revisions\/40531"}],"wp:featuredmedia":[{"embeddable":true,"href":"https:\/\/www.portalalerta.com.br\/index.php\/wp-json\/wp\/v2\/media\/40527"}],"wp:attachment":[{"href":"https:\/\/www.portalalerta.com.br\/index.php\/wp-json\/wp\/v2\/media?parent=40517"}],"wp:term":[{"taxonomy":"category","embeddable":true,"href":"https:\/\/www.portalalerta.com.br\/index.php\/wp-json\/wp\/v2\/categories?post=40517"},{"taxonomy":"post_tag","embeddable":true,"href":"https:\/\/www.portalalerta.com.br\/index.php\/wp-json\/wp\/v2\/tags?post=40517"}],"curies":[{"name":"wp","href":"https:\/\/api.w.org\/{rel}","templated":true}]}}