{"id":40649,"date":"2022-01-28T17:24:24","date_gmt":"2022-01-28T20:24:24","guid":{"rendered":"https:\/\/www.portalalerta.com.br\/?p=40649"},"modified":"2022-01-28T17:24:25","modified_gmt":"2022-01-28T20:24:25","slug":"decreto-proibe-realizacao-de-eventos-em-jeremoabo-ba","status":"publish","type":"post","link":"https:\/\/www.portalalerta.com.br\/index.php\/2022\/01\/28\/decreto-proibe-realizacao-de-eventos-em-jeremoabo-ba\/","title":{"rendered":"Decreto pro\u00edbe realiza\u00e7\u00e3o de eventos em Jeremoabo-BA"},"content":{"rendered":"\n<p>A Prefeitura Municipal de Jeremoabo-BA anunciou a suspens\u00e3o de eventos, que envolvam aglomera\u00e7\u00e3o de pessoas, tais como: <strong>cerim\u00f4nias de casamento, shows, festas, ou que utilizem som mec\u00e2nico, a exemplo dos denominados \u201cpared\u00f5es\u201d, eventos urbanos e rurais em logradouros p\u00fablicos ou privados, circos, parques de exposi\u00e7\u00f5es, solenidades de formatura, passeatas e afins, INDEPENDENTE DO N\u00daMERO DE PESSOAS PRESENTES<\/strong>.<\/p>\n\n\n\n<!--more-->\n\n\n\n<p>A decis\u00e3o est\u00e1 no Decreto 010\/2022, de 26.01.2022, e inicialmente tem prazo de vig\u00eancia com in\u00edcio a partir do dia 28 de janeiro e vai at\u00e9 o dia 11 de fevereiro deste ano.<\/p>\n\n\n\n<div class=\"wp-block-image\"><figure class=\"aligncenter size-large\"><img fetchpriority=\"high\" decoding=\"async\" width=\"720\" height=\"181\" src=\"https:\/\/www.portalalerta.com.br\/wp-content\/uploads\/2018\/02\/Auto-Escola-Nobre.jpg\" alt=\"\" class=\"wp-image-4869\" srcset=\"https:\/\/www.portalalerta.com.br\/wp-content\/uploads\/2018\/02\/Auto-Escola-Nobre.jpg 720w, https:\/\/www.portalalerta.com.br\/wp-content\/uploads\/2018\/02\/Auto-Escola-Nobre-260x65.jpg 260w, https:\/\/www.portalalerta.com.br\/wp-content\/uploads\/2018\/02\/Auto-Escola-Nobre-50x13.jpg 50w, https:\/\/www.portalalerta.com.br\/wp-content\/uploads\/2018\/02\/Auto-Escola-Nobre-150x38.jpg 150w\" sizes=\"(max-width: 720px) 100vw, 720px\" \/><\/figure><\/div>\n\n\n\n<p>Outras medidas trazidas pelo Decreto:<br>\u00b7\u00a0\u00a0\u00a0<strong>A vacina\u00e7\u00e3o contra a COVID-19 \u00e9 obrigat\u00f3ria para todos os servidores e empregados p\u00fablicos municipais.<br>\u00b7\u00a0\u00a0O acesso a quaisquer pr\u00e9dios p\u00fablicos, entidades e unidades administrativas, depende da comprova\u00e7\u00e3o da vacina\u00e7\u00e3o, inclusive escolas e transporte escolar municipal.<br>\u00b7\u00a0Atos religiosos lit\u00fargicos (celebra\u00e7\u00f5es, batizados, casamentos, etc) poder\u00e3o acontecer, com ocupa\u00e7\u00e3o m\u00e1xima de 50% da capacidade da igreja, templos e afins, seguindo os protocolos sanit\u00e1rios e medidas de biosseguran\u00e7a contra a COVID-19.<br>\u00b7\u00a0Academias e estabelecimentos voltados para a realiza\u00e7\u00e3o de atividades f\u00edsicas, poder\u00e3o funcionar, atendendo o disposto no art. 4\u00ba do Decreto (comprovante da vacina\u00e7\u00e3o de duas doses ou dose \u00fanica, para o p\u00fablico geral) e respeitando os protocolos sanit\u00e1rios e medidas de biosseguran\u00e7a contra a COVID-19.<\/strong><\/p>\n\n\n\n<p><em>Fonte: Web R\u00e1dio Di\u00e1rio<\/em><\/p>\n\n\n\n<p><em>Com informa\u00e7\u00f5es: Jeremoabo.com<\/em><\/p>\n","protected":false},"excerpt":{"rendered":"<p>A Prefeitura Municipal de Jeremoabo-BA anunciou a suspens\u00e3o de eventos, que envolvam aglomera\u00e7\u00e3o de pessoas, tais como: cerim\u00f4nias de casamento, shows, festas, ou que utilizem som mec\u00e2nico, a exemplo dos denominados \u201cpared\u00f5es\u201d, eventos urbanos e rurais em logradouros p\u00fablicos ou privados, circos, parques de exposi\u00e7\u00f5es, solenidades de formatura, passeatas e afins, INDEPENDENTE DO N\u00daMERO DE &hellip;<\/p>\n","protected":false},"author":2,"featured_media":9971,"comment_status":"open","ping_status":"open","sticky":false,"template":"","format":"standard","meta":{"om_disable_all_campaigns":false,"_monsterinsights_skip_tracking":false,"_monsterinsights_sitenote_active":false,"_monsterinsights_sitenote_note":"","_monsterinsights_sitenote_category":0,"footnotes":""},"categories":[70,9,69,32,19],"tags":[3429,3486,2991,3919,344,230,61],"class_list":["post-40649","post","type-post","status-publish","format-standard","has-post-thumbnail","hentry","category-destaques","category-jeremoabo","category-noticias2","category-regiao","category-saude","tag-coronavirus","tag-covid-19","tag-decreto-municipal","tag-eventos","tag-festa","tag-jeremoabo","tag-saude"],"aioseo_notices":[],"_links":{"self":[{"href":"https:\/\/www.portalalerta.com.br\/index.php\/wp-json\/wp\/v2\/posts\/40649","targetHints":{"allow":["GET"]}}],"collection":[{"href":"https:\/\/www.portalalerta.com.br\/index.php\/wp-json\/wp\/v2\/posts"}],"about":[{"href":"https:\/\/www.portalalerta.com.br\/index.php\/wp-json\/wp\/v2\/types\/post"}],"author":[{"embeddable":true,"href":"https:\/\/www.portalalerta.com.br\/index.php\/wp-json\/wp\/v2\/users\/2"}],"replies":[{"embeddable":true,"href":"https:\/\/www.portalalerta.com.br\/index.php\/wp-json\/wp\/v2\/comments?post=40649"}],"version-history":[{"count":1,"href":"https:\/\/www.portalalerta.com.br\/index.php\/wp-json\/wp\/v2\/posts\/40649\/revisions"}],"predecessor-version":[{"id":40654,"href":"https:\/\/www.portalalerta.com.br\/index.php\/wp-json\/wp\/v2\/posts\/40649\/revisions\/40654"}],"wp:featuredmedia":[{"embeddable":true,"href":"https:\/\/www.portalalerta.com.br\/index.php\/wp-json\/wp\/v2\/media\/9971"}],"wp:attachment":[{"href":"https:\/\/www.portalalerta.com.br\/index.php\/wp-json\/wp\/v2\/media?parent=40649"}],"wp:term":[{"taxonomy":"category","embeddable":true,"href":"https:\/\/www.portalalerta.com.br\/index.php\/wp-json\/wp\/v2\/categories?post=40649"},{"taxonomy":"post_tag","embeddable":true,"href":"https:\/\/www.portalalerta.com.br\/index.php\/wp-json\/wp\/v2\/tags?post=40649"}],"curies":[{"name":"wp","href":"https:\/\/api.w.org\/{rel}","templated":true}]}}