{"id":40657,"date":"2022-01-29T17:05:48","date_gmt":"2022-01-29T20:05:48","guid":{"rendered":"https:\/\/www.portalalerta.com.br\/?p=40657"},"modified":"2022-01-29T17:05:49","modified_gmt":"2022-01-29T20:05:49","slug":"justica-federal-arquiva-caso-do-triplex-contra-ex-presidente-lula","status":"publish","type":"post","link":"https:\/\/www.portalalerta.com.br\/index.php\/2022\/01\/29\/justica-federal-arquiva-caso-do-triplex-contra-ex-presidente-lula\/","title":{"rendered":"Justi\u00e7a Federal arquiva caso do triplex contra ex-presidente Lula"},"content":{"rendered":"\n<p>Ex-presidente n\u00e3o pode mais ser punido em eventual condena\u00e7\u00e3o<\/p>\n\n\n\n<!--more-->\n\n\n\n<p>A ju\u00edza substituta Pollyanna Martins Alves, da 12\u00aa Vara Federal de Bras\u00edlia, decidiu nesta quinta-feira (27) arquivar o caso do triplex no Guaruj\u00e1 (SP), no qual o ex-presidente Luiz In\u00e1cio Lula da Silva era acusado dos crimes de lavagem de dinheiro e corrup\u00e7\u00e3o ativa e passiva, no \u00e2mbito da Opera\u00e7\u00e3o Lava Jato.<\/p>\n\n\n\n<div class=\"wp-block-image\"><figure class=\"alignleft size-large is-resized\"><img fetchpriority=\"high\" decoding=\"async\" src=\"https:\/\/www.portalalerta.com.br\/wp-content\/uploads\/2021\/04\/ELAB.jpg\" alt=\"\" class=\"wp-image-34795\" width=\"267\" height=\"214\" srcset=\"https:\/\/www.portalalerta.com.br\/wp-content\/uploads\/2021\/04\/ELAB.jpg 1000w, https:\/\/www.portalalerta.com.br\/wp-content\/uploads\/2021\/04\/ELAB-300x240.jpg 300w, https:\/\/www.portalalerta.com.br\/wp-content\/uploads\/2021\/04\/ELAB-768x614.jpg 768w, https:\/\/www.portalalerta.com.br\/wp-content\/uploads\/2021\/04\/ELAB-183x146.jpg 183w, https:\/\/www.portalalerta.com.br\/wp-content\/uploads\/2021\/04\/ELAB-50x40.jpg 50w, https:\/\/www.portalalerta.com.br\/wp-content\/uploads\/2021\/04\/ELAB-94x75.jpg 94w\" sizes=\"(max-width: 267px) 100vw, 267px\" \/><\/figure><\/div>\n\n\n\n<p>A magistrada atendeu a pedido do Minist\u00e9rio P\u00fablico Federal (MPF), que, em dezembro, solicitou o arquivamento diante da prescri\u00e7\u00e3o da pretens\u00e3o punitiva em fun\u00e7\u00e3o da idade de Lula, que tem 76 anos.<\/p>\n\n\n\n<p>Dessa forma, o ex-presidente n\u00e3o pode mais ser punido em uma eventual condena\u00e7\u00e3o. De acordo com a legisla\u00e7\u00e3o penal, o prazo prescricional cai pela metade quando o acusado \u00e9 maior de 70 anos. O mesmo racioc\u00ednio foi aplicado aos outros dois r\u00e9us no caso do triplex &#8211; Leo Pinheiro, ex-executivo da construtora OAS, e Paulo Okamoto, presidente do Instituto Lula \u00e0 \u00e9poca dos fatos investigados.<\/p>\n\n\n\n<p>Lula chegou a ser condenado no caso do triplex pelo ex-juiz Sergio Moro e teve a condena\u00e7\u00e3o mantida pelo Tribunal Regional Federal da 4\u00aa Regi\u00e3o (TRF4) e pelo Superior Tribunal de Justi\u00e7a (STJ). No Supremo Tribunal Federal (STF), contudo, a senten\u00e7a acabou anulada ap\u00f3s Moro ser considerado incompetente para julgar o processo, e depois ser considerado parcial no caso.<\/p>\n\n\n\n<p>Ap\u00f3s o pedido de arquivamento apresentado pelo MPF, a defesa de Lula disse que <strong><em>&#8220;o caso foi constru\u00eddo artificialmente a partir do conluio do ex-juiz Sergio Moro e do ex-procurador Deltan Dallagnol para prender o ex-presidente Lula, retir\u00e1-lo das elei\u00e7\u00f5es de 2018 e para atacar indevidamente sua reputa\u00e7\u00e3o, tal como sempre sustentamos\u201d<\/em><\/strong>.<\/p>\n\n\n\n<p>\u00c0 \u00e9poca, Moro se manifestou sobre o caso nas redes sociais. <strong><em>\u201cManobras jur\u00eddicas enterraram de vez o caso do triplex de Lula, acusado na Lava Jato. Crimes de corrup\u00e7\u00e3o deveriam ser imprescrit\u00edveis, pois o dano causado \u00e0 sociedade, que morre por falta de sa\u00fade adequada, que n\u00e3o avan\u00e7a na educa\u00e7\u00e3o, jamais poder\u00e1 ser reparado\u201d<\/em><\/strong>, disse.<\/p>\n\n\n\n<p>Em nota, o ex-procurador da Lava Jato, Deltan Dallagnol, disse que a alega\u00e7\u00e3o de conluio \u00e9 <strong>\u201cabsurda e fantasiosa\u201d<\/strong>.<\/p>\n\n\n\n<p><em>Fonte: Metro1<\/em><\/p>\n","protected":false},"excerpt":{"rendered":"<p>Ex-presidente n\u00e3o pode mais ser punido em eventual condena\u00e7\u00e3o<\/p>\n","protected":false},"author":2,"featured_media":40664,"comment_status":"open","ping_status":"open","sticky":false,"template":"","format":"standard","meta":{"om_disable_all_campaigns":false,"_monsterinsights_skip_tracking":false,"_monsterinsights_sitenote_active":false,"_monsterinsights_sitenote_note":"","_monsterinsights_sitenote_category":0,"footnotes":""},"categories":[34,70,69,21],"tags":[1723,93,270,303,1724,926],"class_list":["post-40657","post","type-post","status-publish","format-standard","has-post-thumbnail","hentry","category-brasil","category-destaques","category-noticias2","category-politica","tag-arquivamento","tag-brasil","tag-justica","tag-lula","tag-processo","tag-triplex"],"aioseo_notices":[],"_links":{"self":[{"href":"https:\/\/www.portalalerta.com.br\/index.php\/wp-json\/wp\/v2\/posts\/40657","targetHints":{"allow":["GET"]}}],"collection":[{"href":"https:\/\/www.portalalerta.com.br\/index.php\/wp-json\/wp\/v2\/posts"}],"about":[{"href":"https:\/\/www.portalalerta.com.br\/index.php\/wp-json\/wp\/v2\/types\/post"}],"author":[{"embeddable":true,"href":"https:\/\/www.portalalerta.com.br\/index.php\/wp-json\/wp\/v2\/users\/2"}],"replies":[{"embeddable":true,"href":"https:\/\/www.portalalerta.com.br\/index.php\/wp-json\/wp\/v2\/comments?post=40657"}],"version-history":[{"count":1,"href":"https:\/\/www.portalalerta.com.br\/index.php\/wp-json\/wp\/v2\/posts\/40657\/revisions"}],"predecessor-version":[{"id":40665,"href":"https:\/\/www.portalalerta.com.br\/index.php\/wp-json\/wp\/v2\/posts\/40657\/revisions\/40665"}],"wp:featuredmedia":[{"embeddable":true,"href":"https:\/\/www.portalalerta.com.br\/index.php\/wp-json\/wp\/v2\/media\/40664"}],"wp:attachment":[{"href":"https:\/\/www.portalalerta.com.br\/index.php\/wp-json\/wp\/v2\/media?parent=40657"}],"wp:term":[{"taxonomy":"category","embeddable":true,"href":"https:\/\/www.portalalerta.com.br\/index.php\/wp-json\/wp\/v2\/categories?post=40657"},{"taxonomy":"post_tag","embeddable":true,"href":"https:\/\/www.portalalerta.com.br\/index.php\/wp-json\/wp\/v2\/tags?post=40657"}],"curies":[{"name":"wp","href":"https:\/\/api.w.org\/{rel}","templated":true}]}}