{"id":40658,"date":"2022-01-29T17:15:25","date_gmt":"2022-01-29T20:15:25","guid":{"rendered":"https:\/\/www.portalalerta.com.br\/?p=40658"},"modified":"2022-01-29T17:15:28","modified_gmt":"2022-01-29T20:15:28","slug":"homem-e-condenado-a-mais-de-16-anos-de-prisao-por-homicidio-em-euclides-da-cunha","status":"publish","type":"post","link":"https:\/\/www.portalalerta.com.br\/index.php\/2022\/01\/29\/homem-e-condenado-a-mais-de-16-anos-de-prisao-por-homicidio-em-euclides-da-cunha\/","title":{"rendered":"Homem \u00e9 condenado a mais de 16 anos de pris\u00e3o por homic\u00eddio em Euclides da Cunha"},"content":{"rendered":"\n<p>Jerbson da Silva assassinou a v\u00edtima Marcos da Silva Alves por meio de golpes com um peda\u00e7o de pau<\/p>\n\n\n\n<!--more-->\n\n\n\n<p>A comarca de Euclides da Cunha retomou as atividades do Tribunal do J\u00fari nesta quinta-feira (27), e condenou Jerbson da Silva Santana a 16 anos e seis meses de pris\u00e3o pelo homic\u00eddio de um homem em janeiro de 2018 no munic\u00edpio. O r\u00e9u foi condenado pelo homic\u00eddio qualificado por motivo f\u00fatil e cumprir\u00e1 a pena em regime inicial fechado. A acusa\u00e7\u00e3o foi sustentada no J\u00fari pela promotora de Justi\u00e7a Samara Moura Valen\u00e7a de Oliveira.&nbsp;<\/p>\n\n\n\n<p>Segundo consta na den\u00fancia, na madrugada do dia 5 de janeiro de 2018, Jerbson da Silva assassinou a v\u00edtima Marcos da Silva Alves por meio de golpes com um peda\u00e7o de pau, ap\u00f3s se desentenderem por causa de um peixe que estaria estragado na casa da v\u00edtima.&nbsp;<strong><a href=\"https:\/\/www.portalalerta.com.br\/index.php\/2018\/01\/06\/ano-comeca-violento-em-euclides-da-cunha-ba\/\">Relembre<\/a><\/strong>.<\/p>\n\n\n\n<p><em>Fonte: Metro1<\/em><\/p>\n","protected":false},"excerpt":{"rendered":"<p>Jerbson da Silva assassinou a v\u00edtima Marcos da Silva Alves por meio de golpes com um peda\u00e7o de pau<\/p>\n","protected":false},"author":2,"featured_media":3588,"comment_status":"open","ping_status":"open","sticky":false,"template":"","format":"standard","meta":{"om_disable_all_campaigns":false,"_monsterinsights_skip_tracking":false,"_monsterinsights_sitenote_active":false,"_monsterinsights_sitenote_note":"","_monsterinsights_sitenote_category":0,"footnotes":""},"categories":[70,17,69,32,22],"tags":[316,129,258,206,837],"class_list":["post-40658","post","type-post","status-publish","format-standard","has-post-thumbnail","hentry","category-destaques","category-euclides-da-cunha","category-noticias2","category-regiao","category-seguranca","tag-condenacao","tag-euclides-da-cunha","tag-homicida","tag-homicidio","tag-juri-popular"],"aioseo_notices":[],"_links":{"self":[{"href":"https:\/\/www.portalalerta.com.br\/index.php\/wp-json\/wp\/v2\/posts\/40658","targetHints":{"allow":["GET"]}}],"collection":[{"href":"https:\/\/www.portalalerta.com.br\/index.php\/wp-json\/wp\/v2\/posts"}],"about":[{"href":"https:\/\/www.portalalerta.com.br\/index.php\/wp-json\/wp\/v2\/types\/post"}],"author":[{"embeddable":true,"href":"https:\/\/www.portalalerta.com.br\/index.php\/wp-json\/wp\/v2\/users\/2"}],"replies":[{"embeddable":true,"href":"https:\/\/www.portalalerta.com.br\/index.php\/wp-json\/wp\/v2\/comments?post=40658"}],"version-history":[{"count":1,"href":"https:\/\/www.portalalerta.com.br\/index.php\/wp-json\/wp\/v2\/posts\/40658\/revisions"}],"predecessor-version":[{"id":40666,"href":"https:\/\/www.portalalerta.com.br\/index.php\/wp-json\/wp\/v2\/posts\/40658\/revisions\/40666"}],"wp:featuredmedia":[{"embeddable":true,"href":"https:\/\/www.portalalerta.com.br\/index.php\/wp-json\/wp\/v2\/media\/3588"}],"wp:attachment":[{"href":"https:\/\/www.portalalerta.com.br\/index.php\/wp-json\/wp\/v2\/media?parent=40658"}],"wp:term":[{"taxonomy":"category","embeddable":true,"href":"https:\/\/www.portalalerta.com.br\/index.php\/wp-json\/wp\/v2\/categories?post=40658"},{"taxonomy":"post_tag","embeddable":true,"href":"https:\/\/www.portalalerta.com.br\/index.php\/wp-json\/wp\/v2\/tags?post=40658"}],"curies":[{"name":"wp","href":"https:\/\/api.w.org\/{rel}","templated":true}]}}