{"id":40660,"date":"2022-01-29T17:30:33","date_gmt":"2022-01-29T20:30:33","guid":{"rendered":"https:\/\/www.portalalerta.com.br\/?p=40660"},"modified":"2022-01-29T17:30:34","modified_gmt":"2022-01-29T20:30:34","slug":"autor-do-primeiro-homicidio-do-ano-em-nova-soure-ba-e-preso-pela-policia-civil","status":"publish","type":"post","link":"https:\/\/www.portalalerta.com.br\/index.php\/2022\/01\/29\/autor-do-primeiro-homicidio-do-ano-em-nova-soure-ba-e-preso-pela-policia-civil\/","title":{"rendered":"Autor do primeiro homic\u00eddio do ano em Nova Soure-BA \u00e9 preso pela Pol\u00edcia Civil"},"content":{"rendered":"\n<p>Por volta das 15hs da \u00faltima sexta-feira (28), policiais civis de Nova Soure-BA, foram at\u00e9 a Rua Coit\u00e9, bairro F\u00e1tima, no referido munic\u00edpio, onde prenderam um homem apontado como autor do primeiro homic\u00eddio do ano, na cidade.<\/p>\n\n\n\n<!--more-->\n\n\n\n<div class=\"wp-block-image\"><figure class=\"alignleft size-large is-resized\"><img fetchpriority=\"high\" decoding=\"async\" src=\"https:\/\/www.portalalerta.com.br\/wp-content\/uploads\/2021\/10\/Cred-Real-1024x1024.jpeg\" alt=\"\" class=\"wp-image-38729\" width=\"341\" height=\"341\" srcset=\"https:\/\/www.portalalerta.com.br\/wp-content\/uploads\/2021\/10\/Cred-Real-1024x1024.jpeg 1024w, https:\/\/www.portalalerta.com.br\/wp-content\/uploads\/2021\/10\/Cred-Real-240x240.jpeg 240w, https:\/\/www.portalalerta.com.br\/wp-content\/uploads\/2021\/10\/Cred-Real-768x768.jpeg 768w, https:\/\/www.portalalerta.com.br\/wp-content\/uploads\/2021\/10\/Cred-Real-1536x1536.jpeg 1536w, https:\/\/www.portalalerta.com.br\/wp-content\/uploads\/2021\/10\/Cred-Real-146x146.jpeg 146w, https:\/\/www.portalalerta.com.br\/wp-content\/uploads\/2021\/10\/Cred-Real-50x50.jpeg 50w, https:\/\/www.portalalerta.com.br\/wp-content\/uploads\/2021\/10\/Cred-Real-75x75.jpeg 75w, https:\/\/www.portalalerta.com.br\/wp-content\/uploads\/2021\/10\/Cred-Real-85x85.jpeg 85w, https:\/\/www.portalalerta.com.br\/wp-content\/uploads\/2021\/10\/Cred-Real-80x80.jpeg 80w, https:\/\/www.portalalerta.com.br\/wp-content\/uploads\/2021\/10\/Cred-Real.jpeg 1920w\" sizes=\"(max-width: 341px) 100vw, 341px\" \/><\/figure><\/div>\n\n\n\n<p>De acordo com informa\u00e7\u00f5es, o rapaz identificado pelas iniciais A.S.J (P\u00f4pe), 23 anos, assassinou a facadas o jovem Diego Santana dos Santos, no povoado Maria Preta, local, localidade onde autor e v\u00edtima moravam (<strong><a href=\"https:\/\/www.portalalerta.com.br\/index.php\/2022\/01\/22\/nova-soure-ba-registra-o-primeiro-homicidio-do-ano-2\/\">Relembre<\/a><\/strong>).<\/p>\n\n\n\n<p>Ap\u00f3s a pris\u00e3o, o rapaz foi conduzido \u00e0 Delegacia de Pol\u00edcia Civil, sendo cumprido assim o mandado de pris\u00e3o preventiva.<\/p>\n\n\n\n<p><em>Reda\u00e7\u00e3o: Portal Alerta<\/em><\/p>\n","protected":false},"excerpt":{"rendered":"<p>Por volta das 15hs da \u00faltima sexta-feira (28), policiais civis de Nova Soure-BA, foram at\u00e9 a Rua Coit\u00e9, bairro F\u00e1tima, no referido munic\u00edpio, onde prenderam um homem apontado como autor do primeiro homic\u00eddio do ano, na cidade.<\/p>\n","protected":false},"author":2,"featured_media":20567,"comment_status":"open","ping_status":"open","sticky":false,"template":"","format":"standard","meta":{"om_disable_all_campaigns":false,"_monsterinsights_skip_tracking":false,"_monsterinsights_sitenote_active":false,"_monsterinsights_sitenote_note":"","_monsterinsights_sitenote_category":0,"footnotes":""},"categories":[70,69,14,32,22],"tags":[258,206,488,106,122,77],"class_list":["post-40660","post","type-post","status-publish","format-standard","has-post-thumbnail","hentry","category-destaques","category-noticias2","category-nova-soure","category-regiao","category-seguranca","tag-homicida","tag-homicidio","tag-mandado-de-prisao","tag-nova-soure","tag-policia-civil","tag-preso"],"aioseo_notices":[],"_links":{"self":[{"href":"https:\/\/www.portalalerta.com.br\/index.php\/wp-json\/wp\/v2\/posts\/40660","targetHints":{"allow":["GET"]}}],"collection":[{"href":"https:\/\/www.portalalerta.com.br\/index.php\/wp-json\/wp\/v2\/posts"}],"about":[{"href":"https:\/\/www.portalalerta.com.br\/index.php\/wp-json\/wp\/v2\/types\/post"}],"author":[{"embeddable":true,"href":"https:\/\/www.portalalerta.com.br\/index.php\/wp-json\/wp\/v2\/users\/2"}],"replies":[{"embeddable":true,"href":"https:\/\/www.portalalerta.com.br\/index.php\/wp-json\/wp\/v2\/comments?post=40660"}],"version-history":[{"count":1,"href":"https:\/\/www.portalalerta.com.br\/index.php\/wp-json\/wp\/v2\/posts\/40660\/revisions"}],"predecessor-version":[{"id":40668,"href":"https:\/\/www.portalalerta.com.br\/index.php\/wp-json\/wp\/v2\/posts\/40660\/revisions\/40668"}],"wp:featuredmedia":[{"embeddable":true,"href":"https:\/\/www.portalalerta.com.br\/index.php\/wp-json\/wp\/v2\/media\/20567"}],"wp:attachment":[{"href":"https:\/\/www.portalalerta.com.br\/index.php\/wp-json\/wp\/v2\/media?parent=40660"}],"wp:term":[{"taxonomy":"category","embeddable":true,"href":"https:\/\/www.portalalerta.com.br\/index.php\/wp-json\/wp\/v2\/categories?post=40660"},{"taxonomy":"post_tag","embeddable":true,"href":"https:\/\/www.portalalerta.com.br\/index.php\/wp-json\/wp\/v2\/tags?post=40660"}],"curies":[{"name":"wp","href":"https:\/\/api.w.org\/{rel}","templated":true}]}}