{"id":40670,"date":"2022-01-30T14:26:23","date_gmt":"2022-01-30T17:26:23","guid":{"rendered":"https:\/\/www.portalalerta.com.br\/?p=40670"},"modified":"2022-01-30T14:26:25","modified_gmt":"2022-01-30T17:26:25","slug":"bahia-registra-recorde-de-casos-ativos-de-covid-desde-inicio-da-pandemia","status":"publish","type":"post","link":"https:\/\/www.portalalerta.com.br\/index.php\/2022\/01\/30\/bahia-registra-recorde-de-casos-ativos-de-covid-desde-inicio-da-pandemia\/","title":{"rendered":"Bahia registra recorde de casos ativos de Covid desde in\u00edcio da pandemia"},"content":{"rendered":"\n<p>S\u00e3o mais de 31 mil casos; maior n\u00famero havia sido registrado em 2020<\/p>\n\n\n\n<!--more-->\n\n\n\n<p>Com a prolifera\u00e7\u00e3o da variante \u00f4micron do coronav\u00edrus, a Bahia registrou 31.884 casos ativos da Covid-19 neste s\u00e1bado (29). Esse \u00e9 o maior n\u00famero de casos ativos registrados desde o in\u00edcio da pandemia, superando o pico de 2020 \u2014 quando foram contabilizados 30.221 casos.&nbsp;<\/p>\n\n\n\n<p>Nas \u00faltimas 24 horas, tamb\u00e9m foram registrados 8.125 casos da doen\u00e7a e mais 13 \u00f3bitos em decorr\u00eancia do coronav\u00edrus. Dos 1.355.500 casos confirmados desde o in\u00edcio da pandemia, 1.295.709 j\u00e1 s\u00e3o considerados recuperados e 27.907 evolu\u00edram para \u00f3bito.<\/p>\n\n\n\n<p>A taxa de ocupa\u00e7\u00e3o dos leitos de Unidade de Terapia Intensiva (UTI) voltados para o tratamento da Covid-19 em adultos est\u00e1 em 70% no estado. J\u00e1 a ocupa\u00e7\u00e3o da UTI pedi\u00e1trica est\u00e1 em 76%.<\/p>\n\n\n\n<p><em>Fonte: Metro1<\/em><\/p>\n","protected":false},"excerpt":{"rendered":"<p>S\u00e3o mais de 31 mil casos; maior n\u00famero havia sido registrado em 2020<\/p>\n","protected":false},"author":2,"featured_media":22281,"comment_status":"open","ping_status":"open","sticky":false,"template":"","format":"standard","meta":{"om_disable_all_campaigns":false,"_monsterinsights_skip_tracking":false,"_monsterinsights_sitenote_active":false,"_monsterinsights_sitenote_note":"","_monsterinsights_sitenote_category":0,"footnotes":""},"categories":[33,70,69,19],"tags":[54,3429,3486,3574,61],"class_list":["post-40670","post","type-post","status-publish","format-standard","has-post-thumbnail","hentry","category-bahia","category-destaques","category-noticias2","category-saude","tag-bahia","tag-coronavirus","tag-covid-19","tag-recorde","tag-saude"],"aioseo_notices":[],"_links":{"self":[{"href":"https:\/\/www.portalalerta.com.br\/index.php\/wp-json\/wp\/v2\/posts\/40670","targetHints":{"allow":["GET"]}}],"collection":[{"href":"https:\/\/www.portalalerta.com.br\/index.php\/wp-json\/wp\/v2\/posts"}],"about":[{"href":"https:\/\/www.portalalerta.com.br\/index.php\/wp-json\/wp\/v2\/types\/post"}],"author":[{"embeddable":true,"href":"https:\/\/www.portalalerta.com.br\/index.php\/wp-json\/wp\/v2\/users\/2"}],"replies":[{"embeddable":true,"href":"https:\/\/www.portalalerta.com.br\/index.php\/wp-json\/wp\/v2\/comments?post=40670"}],"version-history":[{"count":1,"href":"https:\/\/www.portalalerta.com.br\/index.php\/wp-json\/wp\/v2\/posts\/40670\/revisions"}],"predecessor-version":[{"id":40674,"href":"https:\/\/www.portalalerta.com.br\/index.php\/wp-json\/wp\/v2\/posts\/40670\/revisions\/40674"}],"wp:featuredmedia":[{"embeddable":true,"href":"https:\/\/www.portalalerta.com.br\/index.php\/wp-json\/wp\/v2\/media\/22281"}],"wp:attachment":[{"href":"https:\/\/www.portalalerta.com.br\/index.php\/wp-json\/wp\/v2\/media?parent=40670"}],"wp:term":[{"taxonomy":"category","embeddable":true,"href":"https:\/\/www.portalalerta.com.br\/index.php\/wp-json\/wp\/v2\/categories?post=40670"},{"taxonomy":"post_tag","embeddable":true,"href":"https:\/\/www.portalalerta.com.br\/index.php\/wp-json\/wp\/v2\/tags?post=40670"}],"curies":[{"name":"wp","href":"https:\/\/api.w.org\/{rel}","templated":true}]}}