{"id":40671,"date":"2022-01-30T14:39:01","date_gmt":"2022-01-30T17:39:01","guid":{"rendered":"https:\/\/www.portalalerta.com.br\/?p=40671"},"modified":"2022-01-30T14:39:02","modified_gmt":"2022-01-30T17:39:02","slug":"pela-primeira-vez-brasil-bate-1-milhao-de-casos-de-covid-na-mesma-semana","status":"publish","type":"post","link":"https:\/\/www.portalalerta.com.br\/index.php\/2022\/01\/30\/pela-primeira-vez-brasil-bate-1-milhao-de-casos-de-covid-na-mesma-semana\/","title":{"rendered":"Pela primeira vez, Brasil bate 1 milh\u00e3o de casos de Covid na mesma semana"},"content":{"rendered":"\n<p>Casos de Covid t\u00eam tido crescimento exponencial no pa\u00eds nas \u00faltimas semanas<\/p>\n\n\n\n<!--more-->\n\n\n\n<p>O Brasil registrou pela primeira vez, desde o in\u00edcio da pandemia, 1 milh\u00e3o de casos de novo coronav\u00edrus na mesma semana.<\/p>\n\n\n\n<p>De acordo com n\u00fameros do Conselho Nacional de Secret\u00e1rios de Sa\u00fade (Conass), nas \u00faltimas 24 horas, o pa\u00eds registrou 179.816 infec\u00e7\u00f5es e 640 mortes decorrentes da doen\u00e7a.<\/p>\n\n\n\n<div class=\"wp-block-image\"><figure class=\"alignleft size-large is-resized\"><img fetchpriority=\"high\" decoding=\"async\" src=\"https:\/\/www.portalalerta.com.br\/wp-content\/uploads\/2021\/04\/ELAB.jpg\" alt=\"\" class=\"wp-image-34795\" width=\"322\" height=\"257\" srcset=\"https:\/\/www.portalalerta.com.br\/wp-content\/uploads\/2021\/04\/ELAB.jpg 1000w, https:\/\/www.portalalerta.com.br\/wp-content\/uploads\/2021\/04\/ELAB-300x240.jpg 300w, https:\/\/www.portalalerta.com.br\/wp-content\/uploads\/2021\/04\/ELAB-768x614.jpg 768w, https:\/\/www.portalalerta.com.br\/wp-content\/uploads\/2021\/04\/ELAB-183x146.jpg 183w, https:\/\/www.portalalerta.com.br\/wp-content\/uploads\/2021\/04\/ELAB-50x40.jpg 50w, https:\/\/www.portalalerta.com.br\/wp-content\/uploads\/2021\/04\/ELAB-94x75.jpg 94w\" sizes=\"(max-width: 322px) 100vw, 322px\" \/><\/figure><\/div>\n\n\n\n<p>Com isso, a quarta semana epidemiol\u00f3gica de 2022 (entre 23 e 19 de janeiro), teve 1.305.447 casos de Covid-19 registrados.<\/p>\n\n\n\n<p>A semana anterior (16 a 22 de janeiro) teve 933.452. Com isso, houve um crescimento de 39,8% entre a semana anterior e a atual.<\/p>\n\n\n\n<p>O n\u00famero de \u00f3bitos decorrentes da doen\u00e7a tamb\u00e9m saltou, de 1.830 para 3.723, de uma semana para a outra &#8211; aumento de 103%.<\/p>\n\n\n\n<p>A m\u00e9dia m\u00f3vel de casos, que leva em conta os \u00faltimos sete dias, atingiu o recorde de 186.492 pacientes infectados, enquanto\u00a0a de mortes, tamb\u00e9m em alta, est\u00e1 em 532.<\/p>\n\n\n\n<p><em>Fonte: Boc\u00e3o News<\/em><\/p>\n","protected":false},"excerpt":{"rendered":"<p>Casos de Covid t\u00eam tido crescimento exponencial no pa\u00eds nas \u00faltimas semanas<\/p>\n","protected":false},"author":2,"featured_media":22776,"comment_status":"open","ping_status":"open","sticky":false,"template":"","format":"standard","meta":{"om_disable_all_campaigns":false,"_monsterinsights_skip_tracking":false,"_monsterinsights_sitenote_active":false,"_monsterinsights_sitenote_note":"","_monsterinsights_sitenote_category":0,"footnotes":""},"categories":[34,70,69,19],"tags":[93,3429,3486,3724,5100,3574,61],"class_list":["post-40671","post","type-post","status-publish","format-standard","has-post-thumbnail","hentry","category-brasil","category-destaques","category-noticias2","category-saude","tag-brasil","tag-coronavirus","tag-covid-19","tag-infeccao","tag-omicron","tag-recorde","tag-saude"],"aioseo_notices":[],"_links":{"self":[{"href":"https:\/\/www.portalalerta.com.br\/index.php\/wp-json\/wp\/v2\/posts\/40671","targetHints":{"allow":["GET"]}}],"collection":[{"href":"https:\/\/www.portalalerta.com.br\/index.php\/wp-json\/wp\/v2\/posts"}],"about":[{"href":"https:\/\/www.portalalerta.com.br\/index.php\/wp-json\/wp\/v2\/types\/post"}],"author":[{"embeddable":true,"href":"https:\/\/www.portalalerta.com.br\/index.php\/wp-json\/wp\/v2\/users\/2"}],"replies":[{"embeddable":true,"href":"https:\/\/www.portalalerta.com.br\/index.php\/wp-json\/wp\/v2\/comments?post=40671"}],"version-history":[{"count":1,"href":"https:\/\/www.portalalerta.com.br\/index.php\/wp-json\/wp\/v2\/posts\/40671\/revisions"}],"predecessor-version":[{"id":40675,"href":"https:\/\/www.portalalerta.com.br\/index.php\/wp-json\/wp\/v2\/posts\/40671\/revisions\/40675"}],"wp:featuredmedia":[{"embeddable":true,"href":"https:\/\/www.portalalerta.com.br\/index.php\/wp-json\/wp\/v2\/media\/22776"}],"wp:attachment":[{"href":"https:\/\/www.portalalerta.com.br\/index.php\/wp-json\/wp\/v2\/media?parent=40671"}],"wp:term":[{"taxonomy":"category","embeddable":true,"href":"https:\/\/www.portalalerta.com.br\/index.php\/wp-json\/wp\/v2\/categories?post=40671"},{"taxonomy":"post_tag","embeddable":true,"href":"https:\/\/www.portalalerta.com.br\/index.php\/wp-json\/wp\/v2\/tags?post=40671"}],"curies":[{"name":"wp","href":"https:\/\/api.w.org\/{rel}","templated":true}]}}