{"id":40672,"date":"2022-01-30T15:10:23","date_gmt":"2022-01-30T18:10:23","guid":{"rendered":"https:\/\/www.portalalerta.com.br\/?p=40672"},"modified":"2022-01-30T15:10:24","modified_gmt":"2022-01-30T18:10:24","slug":"condenado-por-assassinar-a-machadadas-o-proprio-pai-e-madrasta-em-tucano-ba-e-capturado-no-litoral-paulista","status":"publish","type":"post","link":"https:\/\/www.portalalerta.com.br\/index.php\/2022\/01\/30\/condenado-por-assassinar-a-machadadas-o-proprio-pai-e-madrasta-em-tucano-ba-e-capturado-no-litoral-paulista\/","title":{"rendered":"Condenado por assassinar \u00e0 machadadas o pr\u00f3prio pai e madrasta em Tucano-BA, \u00e9 capturado no litoral paulista"},"content":{"rendered":"\n<p>J. M. de. J. F., vulgo \u201cMaciel\u201d, autor de um parric\u00eddio com requinte de crueldade est\u00e1 \u00e0 disposi\u00e7\u00e3o da Justi\u00e7a para cumprir uma decis\u00e3o condena\u00e7\u00e3o de 36 anos de pris\u00e3o em regime fechado. Sua localiza\u00e7\u00e3o e pris\u00e3o aconteceram nesta sexta-feira (28), no munic\u00edpio de S\u00e3o Vicente, estado de S\u00e3o Paulo, em um trabalho conjunto da Pol\u00edcia Civil da Bahia \u2013 Servi\u00e7o de Intelig\u00eancia (SI) da 1\u00aa Delegacia Territorial (DT) de Euclides da Cunha e a Pol\u00edcia Militar de S\u00e3o Paulo \u2013 39 BPM\/I \u2013 S\u00e3o Vicente\/SP.<\/p>\n\n\n\n<!--more-->\n\n\n\n<div class=\"wp-block-image\"><figure class=\"alignleft size-large is-resized\"><img fetchpriority=\"high\" decoding=\"async\" src=\"https:\/\/www.portalalerta.com.br\/wp-content\/uploads\/2021\/10\/Cred-Real-1024x1024.jpeg\" alt=\"\" class=\"wp-image-38729\" width=\"322\" height=\"322\" srcset=\"https:\/\/www.portalalerta.com.br\/wp-content\/uploads\/2021\/10\/Cred-Real-1024x1024.jpeg 1024w, https:\/\/www.portalalerta.com.br\/wp-content\/uploads\/2021\/10\/Cred-Real-240x240.jpeg 240w, https:\/\/www.portalalerta.com.br\/wp-content\/uploads\/2021\/10\/Cred-Real-768x768.jpeg 768w, https:\/\/www.portalalerta.com.br\/wp-content\/uploads\/2021\/10\/Cred-Real-1536x1536.jpeg 1536w, https:\/\/www.portalalerta.com.br\/wp-content\/uploads\/2021\/10\/Cred-Real-146x146.jpeg 146w, https:\/\/www.portalalerta.com.br\/wp-content\/uploads\/2021\/10\/Cred-Real-50x50.jpeg 50w, https:\/\/www.portalalerta.com.br\/wp-content\/uploads\/2021\/10\/Cred-Real-75x75.jpeg 75w, https:\/\/www.portalalerta.com.br\/wp-content\/uploads\/2021\/10\/Cred-Real-85x85.jpeg 85w, https:\/\/www.portalalerta.com.br\/wp-content\/uploads\/2021\/10\/Cred-Real-80x80.jpeg 80w, https:\/\/www.portalalerta.com.br\/wp-content\/uploads\/2021\/10\/Cred-Real.jpeg 1920w\" sizes=\"(max-width: 322px) 100vw, 322px\" \/><\/figure><\/div>\n\n\n\n<p>O condenado era considerado foragido da Justi\u00e7a desde o dia 11 de novembro de 2007, ap\u00f3s matar o pai e a madrasta, fato ocorrido na fazenda Olho D\u2019\u00e1gua, zona rural do munic\u00edpio de Tucano, estado da Bahia.<\/p>\n\n\n\n<p>Segundo a Pol\u00edcia, o parricida matou \u00e0 machadadas os seus ascendentes, ap\u00f3s uma discuss\u00e3o. Os golpes foram desferidos na altura da cabe\u00e7a. Ap\u00f3s o atentado, o criminoso fechou a porta da resid\u00eancia e jogou a chave fora para dificultar a descoberta dos cad\u00e1veres, al\u00e9m de facilitar sua fuga.<\/p>\n\n\n\n<p>O parricida foi condenado pelo crime de duplo homic\u00eddio qualificado, conforme o Art. 121, par\u00e1grafo 2\u00b0, incisos II e IV, do C\u00f3digo Penal \u2013 CP. O mandado de pris\u00e3o foi expedido pela Justi\u00e7a da Bahia, Comarca de Tucano-BA.<\/p>\n\n\n\n<p><em>Fonte: euclidesdacunha.com.br<\/em><\/p>\n","protected":false},"excerpt":{"rendered":"<p>J. M. de. J. F., vulgo \u201cMaciel\u201d, autor de um parric\u00eddio com requinte de crueldade est\u00e1 \u00e0 disposi\u00e7\u00e3o da Justi\u00e7a para cumprir uma decis\u00e3o condena\u00e7\u00e3o de 36 anos de pris\u00e3o em regime fechado. Sua localiza\u00e7\u00e3o e pris\u00e3o aconteceram nesta sexta-feira (28), no munic\u00edpio de S\u00e3o Vicente, estado de S\u00e3o Paulo, em um trabalho conjunto da &hellip;<\/p>\n","protected":false},"author":2,"featured_media":33502,"comment_status":"open","ping_status":"open","sticky":false,"template":"","format":"standard","meta":{"om_disable_all_campaigns":false,"_monsterinsights_skip_tracking":false,"_monsterinsights_sitenote_active":false,"_monsterinsights_sitenote_note":"","_monsterinsights_sitenote_category":0,"footnotes":""},"categories":[34,70,69,32,22,12],"tags":[385,901,206,77,5210,190],"class_list":["post-40672","post","type-post","status-publish","format-standard","has-post-thumbnail","hentry","category-brasil","category-destaques","category-noticias2","category-regiao","category-seguranca","category-tucano","tag-capturado","tag-condenado","tag-homicidio","tag-preso","tag-sao-vicente-sp","tag-tucano"],"aioseo_notices":[],"_links":{"self":[{"href":"https:\/\/www.portalalerta.com.br\/index.php\/wp-json\/wp\/v2\/posts\/40672","targetHints":{"allow":["GET"]}}],"collection":[{"href":"https:\/\/www.portalalerta.com.br\/index.php\/wp-json\/wp\/v2\/posts"}],"about":[{"href":"https:\/\/www.portalalerta.com.br\/index.php\/wp-json\/wp\/v2\/types\/post"}],"author":[{"embeddable":true,"href":"https:\/\/www.portalalerta.com.br\/index.php\/wp-json\/wp\/v2\/users\/2"}],"replies":[{"embeddable":true,"href":"https:\/\/www.portalalerta.com.br\/index.php\/wp-json\/wp\/v2\/comments?post=40672"}],"version-history":[{"count":1,"href":"https:\/\/www.portalalerta.com.br\/index.php\/wp-json\/wp\/v2\/posts\/40672\/revisions"}],"predecessor-version":[{"id":40677,"href":"https:\/\/www.portalalerta.com.br\/index.php\/wp-json\/wp\/v2\/posts\/40672\/revisions\/40677"}],"wp:featuredmedia":[{"embeddable":true,"href":"https:\/\/www.portalalerta.com.br\/index.php\/wp-json\/wp\/v2\/media\/33502"}],"wp:attachment":[{"href":"https:\/\/www.portalalerta.com.br\/index.php\/wp-json\/wp\/v2\/media?parent=40672"}],"wp:term":[{"taxonomy":"category","embeddable":true,"href":"https:\/\/www.portalalerta.com.br\/index.php\/wp-json\/wp\/v2\/categories?post=40672"},{"taxonomy":"post_tag","embeddable":true,"href":"https:\/\/www.portalalerta.com.br\/index.php\/wp-json\/wp\/v2\/tags?post=40672"}],"curies":[{"name":"wp","href":"https:\/\/api.w.org\/{rel}","templated":true}]}}