{"id":40673,"date":"2022-01-30T14:50:06","date_gmt":"2022-01-30T17:50:06","guid":{"rendered":"https:\/\/www.portalalerta.com.br\/?p=40673"},"modified":"2022-01-30T14:50:08","modified_gmt":"2022-01-30T17:50:08","slug":"acm-neto-lidera-corrida-para-o-governo-da-bahia-e-venceria-no-1o-turno-afirma-pesquisa","status":"publish","type":"post","link":"https:\/\/www.portalalerta.com.br\/index.php\/2022\/01\/30\/acm-neto-lidera-corrida-para-o-governo-da-bahia-e-venceria-no-1o-turno-afirma-pesquisa\/","title":{"rendered":"ACM Neto lidera corrida para o governo da Bahia e venceria no 1\u00ba turno, afirma pesquisa"},"content":{"rendered":"\n<p>ACM Neto (DEM) lidera a corrida para o governo da Bahia e venceria as elei\u00e7\u00f5es deste ano no primeiro turno. \u00c9 o que diz o primeiro levantamento de 2022 da S\u00e9culus, em parceria com o Bahia Not\u00edcias. O ex-prefeito de Salvador apresenta mais que o dobro das inten\u00e7\u00f5es de voto do senador Jaques Wagner (PT) nos dois cen\u00e1rios pesquisados pelo instituto.<\/p>\n\n\n\n<!--more-->\n\n\n\n<p>No primeiro cen\u00e1rio, Neto aparece com 54,72% das inten\u00e7\u00f5es de voto. Wagner, em segundo lugar, pontua 24,57%. Em seguida, aparecem o ministro da Cidadania, Jo\u00e3o Roma (Republicanos), com 4,26%; o vice-governador da Bahia, Jo\u00e3o Le\u00e3o (PP), com 1,77%; o senador Otto Alencar (PSD), com 1,25%; a yalorix\u00e1 Bernardete Souza (PSOL), com 0,66%; e Dra. Ra\u00edssa Soares (sem partido), com 0,59%. Responderam \u201cnenhum\u201d, 8,19% dos entrevistados, enquanto 4% n\u00e3o sabem ou n\u00e3o opinaram.<\/p>\n\n\n\n<p>Em um segundo cen\u00e1rio pesquisado pelo instituto S\u00e9culus, com um n\u00famero menor de candidatos, ACM Neto chega a 55,7% das inten\u00e7\u00f5es de voto, contra 25,56% de Jaques Wagner; 5,57% de Jo\u00e3o Roma; e 1,05% de Bernardete Souza. Responderam \u201cnenhum\u201d, 8,19% dos entrevistados, enquanto 3,93% n\u00e3o sabem ou n\u00e3o opinaram.<\/p>\n\n\n\n<div class=\"wp-block-image\"><figure class=\"aligncenter size-large\"><img fetchpriority=\"high\" decoding=\"async\" width=\"720\" height=\"181\" src=\"https:\/\/www.portalalerta.com.br\/wp-content\/uploads\/2018\/02\/Auto-Escola-Nobre.jpg\" alt=\"\" class=\"wp-image-4869\" srcset=\"https:\/\/www.portalalerta.com.br\/wp-content\/uploads\/2018\/02\/Auto-Escola-Nobre.jpg 720w, https:\/\/www.portalalerta.com.br\/wp-content\/uploads\/2018\/02\/Auto-Escola-Nobre-260x65.jpg 260w, https:\/\/www.portalalerta.com.br\/wp-content\/uploads\/2018\/02\/Auto-Escola-Nobre-50x13.jpg 50w, https:\/\/www.portalalerta.com.br\/wp-content\/uploads\/2018\/02\/Auto-Escola-Nobre-150x38.jpg 150w\" sizes=\"(max-width: 720px) 100vw, 720px\" \/><\/figure><\/div>\n\n\n\n<p>ACM Neto supera os percentuais de todos os seus advers\u00e1rios somados em ambos os cen\u00e1rios pesquisados. Por isso, \u00e9 poss\u00edvel afirmar, com base nos n\u00fameros do levantamento BN\/S\u00e9culus, que o ex-prefeito de Salvador venceria as elei\u00e7\u00f5es de 2022 no primeiro turno, caso o pleito ocorresse hoje.<\/p>\n\n\n\n<p>O ex-prefeito de Salvador tenta interromper uma sequ\u00eancia de vit\u00f3rias do PT na Bahia que j\u00e1 vem desde as elei\u00e7\u00f5es de 2006, com a primeira elei\u00e7\u00e3o de Jaques Wagner, que foi reeleito em 2010. Depois, em 2014, o ent\u00e3o governador fez de Rui Costa (PT) seu sucessor, que tamb\u00e9m conseguiu a reelei\u00e7\u00e3o em 2018. Agora, para manter o poder no estado, o petismo aposta novamente em Wagner.<\/p>\n\n\n\n<p>A S\u00e9culus entrevistou 1.526 pessoas com 16 anos ou mais de forma presencial, em 72 munic\u00edpios baianos, entre os dias 24 e 27 de janeiro deste ano. A margem de erro da amostragem \u00e9 de 2,5%, para mais ou para menos, com intervalo de confian\u00e7a de 95%. O levantamento est\u00e1 registrado no Tribunal Superior Eleitoral (TSE) sob n\u00ba BA-06447\/2022.<\/p>\n\n\n\n<p><em>Fonte: Bahia Not\u00edcias<\/em><\/p>\n","protected":false},"excerpt":{"rendered":"<p>ACM Neto (DEM) lidera a corrida para o governo da Bahia e venceria as elei\u00e7\u00f5es deste ano no primeiro turno. \u00c9 o que diz o primeiro levantamento de 2022 da S\u00e9culus, em parceria com o Bahia Not\u00edcias. O ex-prefeito de Salvador apresenta mais que o dobro das inten\u00e7\u00f5es de voto do senador Jaques Wagner (PT) &hellip;<\/p>\n","protected":false},"author":2,"featured_media":36789,"comment_status":"open","ping_status":"open","sticky":false,"template":"","format":"standard","meta":{"om_disable_all_campaigns":false,"_monsterinsights_skip_tracking":false,"_monsterinsights_sitenote_active":false,"_monsterinsights_sitenote_note":"","_monsterinsights_sitenote_category":0,"footnotes":""},"categories":[33,70,69,21],"tags":[722,54,3181,614,4241,3871],"class_list":["post-40673","post","type-post","status-publish","format-standard","has-post-thumbnail","hentry","category-bahia","category-destaques","category-noticias2","category-politica","tag-acm-neto","tag-bahia","tag-eleicoes-2022","tag-jaques-wagner","tag-joao-roma","tag-pesquisa-eleitoral"],"aioseo_notices":[],"_links":{"self":[{"href":"https:\/\/www.portalalerta.com.br\/index.php\/wp-json\/wp\/v2\/posts\/40673","targetHints":{"allow":["GET"]}}],"collection":[{"href":"https:\/\/www.portalalerta.com.br\/index.php\/wp-json\/wp\/v2\/posts"}],"about":[{"href":"https:\/\/www.portalalerta.com.br\/index.php\/wp-json\/wp\/v2\/types\/post"}],"author":[{"embeddable":true,"href":"https:\/\/www.portalalerta.com.br\/index.php\/wp-json\/wp\/v2\/users\/2"}],"replies":[{"embeddable":true,"href":"https:\/\/www.portalalerta.com.br\/index.php\/wp-json\/wp\/v2\/comments?post=40673"}],"version-history":[{"count":1,"href":"https:\/\/www.portalalerta.com.br\/index.php\/wp-json\/wp\/v2\/posts\/40673\/revisions"}],"predecessor-version":[{"id":40676,"href":"https:\/\/www.portalalerta.com.br\/index.php\/wp-json\/wp\/v2\/posts\/40673\/revisions\/40676"}],"wp:featuredmedia":[{"embeddable":true,"href":"https:\/\/www.portalalerta.com.br\/index.php\/wp-json\/wp\/v2\/media\/36789"}],"wp:attachment":[{"href":"https:\/\/www.portalalerta.com.br\/index.php\/wp-json\/wp\/v2\/media?parent=40673"}],"wp:term":[{"taxonomy":"category","embeddable":true,"href":"https:\/\/www.portalalerta.com.br\/index.php\/wp-json\/wp\/v2\/categories?post=40673"},{"taxonomy":"post_tag","embeddable":true,"href":"https:\/\/www.portalalerta.com.br\/index.php\/wp-json\/wp\/v2\/tags?post=40673"}],"curies":[{"name":"wp","href":"https:\/\/api.w.org\/{rel}","templated":true}]}}