{"id":40678,"date":"2022-01-31T07:00:00","date_gmt":"2022-01-31T10:00:00","guid":{"rendered":"https:\/\/www.portalalerta.com.br\/?p=40678"},"modified":"2022-01-30T18:29:37","modified_gmt":"2022-01-30T21:29:37","slug":"bolsonaro-usa-lula-como-exemplo-para-explicar-por-que-faltou-a-depoimento-na-pf","status":"publish","type":"post","link":"https:\/\/www.portalalerta.com.br\/index.php\/2022\/01\/31\/bolsonaro-usa-lula-como-exemplo-para-explicar-por-que-faltou-a-depoimento-na-pf\/","title":{"rendered":"Bolsonaro usa Lula como exemplo para explicar por que faltou a depoimento na PF"},"content":{"rendered":"\n<p>O presidente Jair Bolsonaro usou uma a\u00e7\u00e3o contra a condu\u00e7\u00e3o coercitiva do ex-presidente Luiz In\u00e1cio Lula da Silva como justificativa por n\u00e3o ter comparecido \u00e0 Pol\u00edcia Federal, em Bras\u00edlia, na \u00faltima sexta-feira. Por determina\u00e7\u00e3o de Alexandre de Moraes, Bolsonaro teria de prestar depoimento sobre o vazamento de dados sigilosos de uma investiga\u00e7\u00e3o da PF que apura ataques hackers a urnas eletr\u00f4nicas.<\/p>\n\n\n\n<!--more-->\n\n\n\n<p><strong><em>&#8220;Eu, Jair Messias Bolsonaro, Presidente da Rep\u00fablica, domiciliado no Pal\u00e1cio do Planalto, Bras\u00edlia\/DF, neste ato representado pela Advocacia-Geral da Uni\u00e3o, nos termos do artigo 22 da Lei n\u00ba 9.028\/1995, venho, respeitosamente, informar \u00e0 Autoridade de Pol\u00edcia Federal respons\u00e1vel pela condu\u00e7\u00e3o das investiga\u00e7\u00f5es do IPL n\u00ba. 2021.0061542 que exercerei o direito de aus\u00eancia quanto ao comparecimento \u00e0 solenidade designada na Sede da Superintend\u00eancia da PF para o corrente dia, \u00e0s 14:00, tudo com suporte no quanto decidido pelo STF, no bojo das ADPF&#8217;s n\u00ba 395 e 444&#8221;<\/em><\/strong>, disse Bolsonaro em uma declara\u00e7\u00e3o, \u00e0 qual O GLOBO teve acesso, assinada pelo presidente e entregue \u00e0 Pol\u00edcia Federal pelo advogado-geral da Uni\u00e3o, Bruno Bianco.<\/p>\n\n\n\n<p>Bolsonaro fundamentou seu comportamento em duas a\u00e7\u00f5es analisadas pelo STF em 2018: uma apresentada pelo PT e outra pela Ordem dos Advogados do Brasil (OAB), cujo fim era impedir as condu\u00e7\u00f5es coercitivas, largamente usadas na Opera\u00e7\u00e3o Lava Jato. O plen\u00e1rio do Supremo decidiu proibir essa pr\u00e1tica.<\/p>\n\n\n\n<p>Dois anos antes, Lula foi levado \u00e0 PF, por condu\u00e7\u00e3o coercitiva determinada pelo juiz Sergio Moro. Ele teria que prestar esclarecimentos nos processos do s\u00edtio em Atibaia e do triplex no Guaruj\u00e1.<\/p>\n\n\n\n<p>Na manh\u00e3 deste s\u00e1bado, ao ser perguntado sobre o inqu\u00e9rito em que \u00e9 investigado, Bolsonaro se esquivou. Disse que <strong><em>\u201cest\u00e1 tudo em paz, tudo tranquilo\u201d<\/em><\/strong>.<\/p>\n\n\n\n<p>O depoimento \u00e0 PF estava marcado para \u00e0s 14h da \u00faltima sexta-feira. Na data e hor\u00e1rio previstos, a Advocacia Geral da Uni\u00e3o entrou com um recurso pedindo o adiamento, mas Alexandre de Moraes rejeitou a solicita\u00e7\u00e3o.<\/p>\n\n\n\n<p><em>Fonte: Yahoo Not\u00edcias<\/em><\/p>\n","protected":false},"excerpt":{"rendered":"<p>O presidente Jair Bolsonaro usou uma a\u00e7\u00e3o contra a condu\u00e7\u00e3o coercitiva do ex-presidente Luiz In\u00e1cio Lula da Silva como justificativa por n\u00e3o ter comparecido \u00e0 Pol\u00edcia Federal, em Bras\u00edlia, na \u00faltima sexta-feira. Por determina\u00e7\u00e3o de Alexandre de Moraes, Bolsonaro teria de prestar depoimento sobre o vazamento de dados sigilosos de uma investiga\u00e7\u00e3o da PF que &hellip;<\/p>\n","protected":false},"author":2,"featured_media":29544,"comment_status":"open","ping_status":"open","sticky":false,"template":"","format":"standard","meta":{"om_disable_all_campaigns":false,"_monsterinsights_skip_tracking":false,"_monsterinsights_sitenote_active":false,"_monsterinsights_sitenote_note":"","_monsterinsights_sitenote_category":0,"footnotes":""},"categories":[34,70,69,21],"tags":[93,413,1395,303,173,199,1152],"class_list":["post-40678","post","type-post","status-publish","format-standard","has-post-thumbnail","hentry","category-brasil","category-destaques","category-noticias2","category-politica","tag-brasil","tag-depoimento","tag-jair-bolsonaro","tag-lula","tag-policia-federal","tag-politica","tag-presidente-da-republica"],"aioseo_notices":[],"_links":{"self":[{"href":"https:\/\/www.portalalerta.com.br\/index.php\/wp-json\/wp\/v2\/posts\/40678","targetHints":{"allow":["GET"]}}],"collection":[{"href":"https:\/\/www.portalalerta.com.br\/index.php\/wp-json\/wp\/v2\/posts"}],"about":[{"href":"https:\/\/www.portalalerta.com.br\/index.php\/wp-json\/wp\/v2\/types\/post"}],"author":[{"embeddable":true,"href":"https:\/\/www.portalalerta.com.br\/index.php\/wp-json\/wp\/v2\/users\/2"}],"replies":[{"embeddable":true,"href":"https:\/\/www.portalalerta.com.br\/index.php\/wp-json\/wp\/v2\/comments?post=40678"}],"version-history":[{"count":1,"href":"https:\/\/www.portalalerta.com.br\/index.php\/wp-json\/wp\/v2\/posts\/40678\/revisions"}],"predecessor-version":[{"id":40686,"href":"https:\/\/www.portalalerta.com.br\/index.php\/wp-json\/wp\/v2\/posts\/40678\/revisions\/40686"}],"wp:featuredmedia":[{"embeddable":true,"href":"https:\/\/www.portalalerta.com.br\/index.php\/wp-json\/wp\/v2\/media\/29544"}],"wp:attachment":[{"href":"https:\/\/www.portalalerta.com.br\/index.php\/wp-json\/wp\/v2\/media?parent=40678"}],"wp:term":[{"taxonomy":"category","embeddable":true,"href":"https:\/\/www.portalalerta.com.br\/index.php\/wp-json\/wp\/v2\/categories?post=40678"},{"taxonomy":"post_tag","embeddable":true,"href":"https:\/\/www.portalalerta.com.br\/index.php\/wp-json\/wp\/v2\/tags?post=40678"}],"curies":[{"name":"wp","href":"https:\/\/api.w.org\/{rel}","templated":true}]}}