{"id":40680,"date":"2022-01-31T07:02:00","date_gmt":"2022-01-31T10:02:00","guid":{"rendered":"https:\/\/www.portalalerta.com.br\/?p=40680"},"modified":"2022-01-30T19:27:18","modified_gmt":"2022-01-30T22:27:18","slug":"prf-43-kg-de-cocaina-na-br-116-feira-de-santana-ba","status":"publish","type":"post","link":"https:\/\/www.portalalerta.com.br\/index.php\/2022\/01\/31\/prf-43-kg-de-cocaina-na-br-116-feira-de-santana-ba\/","title":{"rendered":"PRF apreende 43 Kg de coca\u00edna na BR 116, Feira de Santana (BA)"},"content":{"rendered":"\n<p>Droga estava sendo levada na cabine do ve\u00edculo. Essa apreens\u00e3o causou um preju\u00edzo de R$ 7.740.000,00 ao crime organizado.<\/p>\n\n\n\n<!--more-->\n\n\n\n<p>Policiais rodovi\u00e1rios federais apreenderam na noite da \u00faltima sexta-feira (28), 43 quilos de coca\u00edna. A droga estava sob a forma de tabletes e acondicionada na cabine do caminh\u00e3o FORD\/CARGO.<\/p>\n\n\n\n<p>Equipe realizava fiscaliza\u00e7\u00e3o no Km 429 da BR- 116, em trecho do munic\u00edpio de Feira de Santana (BA), quando resolveram abordar o ve\u00edculo. Durante a abordagem, condutor e passageiro apresentaram vis\u00edvel nervosismo, o que levantou a suspeita da equipe e fez com que os policiais realizassem uma busca minuciosa no caminh\u00e3o.<\/p>\n\n\n\n<div class=\"wp-block-image\"><figure class=\"aligncenter size-large\"><img fetchpriority=\"high\" decoding=\"async\" width=\"720\" height=\"181\" src=\"https:\/\/www.portalalerta.com.br\/wp-content\/uploads\/2018\/02\/Auto-Escola-Nobre.jpg\" alt=\"\" class=\"wp-image-4869\" srcset=\"https:\/\/www.portalalerta.com.br\/wp-content\/uploads\/2018\/02\/Auto-Escola-Nobre.jpg 720w, https:\/\/www.portalalerta.com.br\/wp-content\/uploads\/2018\/02\/Auto-Escola-Nobre-260x65.jpg 260w, https:\/\/www.portalalerta.com.br\/wp-content\/uploads\/2018\/02\/Auto-Escola-Nobre-50x13.jpg 50w, https:\/\/www.portalalerta.com.br\/wp-content\/uploads\/2018\/02\/Auto-Escola-Nobre-150x38.jpg 150w\" sizes=\"(max-width: 720px) 100vw, 720px\" \/><\/figure><\/div>\n\n\n\n<p>Durante a vistoria na cabine do ve\u00edculo, foram encontradas 03 (tr\u00eas) caixas, contendo 42 tabletes de cloridrato de coca\u00edna, totalizando 43 kg (quarenta e tr\u00eas quilos) da droga.<\/p>\n\n\n\n<p>Questionado, o condutor de 36 anos de idade, pernambucano e morador da cidade de Macei\u00f3 (AL), informou que receberia a quantia de R$ 5.000,00 para deixar a carga il\u00edcita na cidade de S\u00e3o Sebasti\u00e3o (AL).<\/p>\n\n\n\n<p>A PRF encaminhou a ocorr\u00eancia para a Delegacia da Pol\u00edcia Civil de Feira de Santana para formaliza\u00e7\u00e3o do auto de pris\u00e3o em flagrante pelo crime de tr\u00e1fico de drogas, previsto no art. 33 da Lei 11.343\/2006 e cuja pena pode chegar a 15 anos de pris\u00e3o.<\/p>\n\n\n\n<p>A PRF na Bahia continua fechando o cerco para os narcotraficantes. H\u00e1 pouco mais de 10 dias, foi apreendido quase 80 kg de coca\u00edna na BR-101, trecho da cidade de Laje (BA). As ocorr\u00eancias juntas causaram um preju\u00edzo estimado de quase 22.000.000,00.<\/p>\n\n\n\n<p><em>Fonte: gov.br<\/em><\/p>\n","protected":false},"excerpt":{"rendered":"<p>Droga estava sendo levada na cabine do ve\u00edculo. Essa apreens\u00e3o causou um preju\u00edzo de R$ 7.740.000,00 ao crime organizado.<\/p>\n","protected":false},"author":2,"featured_media":40689,"comment_status":"open","ping_status":"open","sticky":false,"template":"","format":"standard","meta":{"om_disable_all_campaigns":false,"_monsterinsights_skip_tracking":false,"_monsterinsights_sitenote_active":false,"_monsterinsights_sitenote_note":"","_monsterinsights_sitenote_category":0,"footnotes":""},"categories":[33,70,69,22],"tags":[54,377,110,149,76],"class_list":["post-40680","post","type-post","status-publish","format-standard","has-post-thumbnail","hentry","category-bahia","category-destaques","category-noticias2","category-seguranca","tag-bahia","tag-feira-de-santana","tag-presos","tag-prf","tag-trafico-de-drogas"],"aioseo_notices":[],"_links":{"self":[{"href":"https:\/\/www.portalalerta.com.br\/index.php\/wp-json\/wp\/v2\/posts\/40680","targetHints":{"allow":["GET"]}}],"collection":[{"href":"https:\/\/www.portalalerta.com.br\/index.php\/wp-json\/wp\/v2\/posts"}],"about":[{"href":"https:\/\/www.portalalerta.com.br\/index.php\/wp-json\/wp\/v2\/types\/post"}],"author":[{"embeddable":true,"href":"https:\/\/www.portalalerta.com.br\/index.php\/wp-json\/wp\/v2\/users\/2"}],"replies":[{"embeddable":true,"href":"https:\/\/www.portalalerta.com.br\/index.php\/wp-json\/wp\/v2\/comments?post=40680"}],"version-history":[{"count":2,"href":"https:\/\/www.portalalerta.com.br\/index.php\/wp-json\/wp\/v2\/posts\/40680\/revisions"}],"predecessor-version":[{"id":40691,"href":"https:\/\/www.portalalerta.com.br\/index.php\/wp-json\/wp\/v2\/posts\/40680\/revisions\/40691"}],"wp:featuredmedia":[{"embeddable":true,"href":"https:\/\/www.portalalerta.com.br\/index.php\/wp-json\/wp\/v2\/media\/40689"}],"wp:attachment":[{"href":"https:\/\/www.portalalerta.com.br\/index.php\/wp-json\/wp\/v2\/media?parent=40680"}],"wp:term":[{"taxonomy":"category","embeddable":true,"href":"https:\/\/www.portalalerta.com.br\/index.php\/wp-json\/wp\/v2\/categories?post=40680"},{"taxonomy":"post_tag","embeddable":true,"href":"https:\/\/www.portalalerta.com.br\/index.php\/wp-json\/wp\/v2\/tags?post=40680"}],"curies":[{"name":"wp","href":"https:\/\/api.w.org\/{rel}","templated":true}]}}