{"id":40682,"date":"2022-01-31T07:03:00","date_gmt":"2022-01-31T10:03:00","guid":{"rendered":"https:\/\/www.portalalerta.com.br\/?p=40682"},"modified":"2022-01-30T20:26:58","modified_gmt":"2022-01-30T23:26:58","slug":"comeca-a-valer-o-decreto-municipal-com-restricoes-em-atividades-sociais-e-exigencia-de-comprovacao-de-vacina","status":"publish","type":"post","link":"https:\/\/www.portalalerta.com.br\/index.php\/2022\/01\/31\/comeca-a-valer-o-decreto-municipal-com-restricoes-em-atividades-sociais-e-exigencia-de-comprovacao-de-vacina\/","title":{"rendered":"Ribeira do Pombal-BA: Come\u00e7a a valer o Decreto Municipal com restri\u00e7\u00f5es em atividades sociais, e exig\u00eancia de comprova\u00e7\u00e3o de Vacina\u00e7\u00e3o"},"content":{"rendered":"\n<p>O Decreto Municipal N\u00ba 013 de 28 de janeiro de 2022, publicado no Di\u00e1rio Oficial de Ribeira do Pombal-BA, na \u00faltima sexta-feira (28), j\u00e1 est\u00e1 valendo a partir desta segunda-feira (31), tendo uma dura\u00e7\u00e3o inicial de 15 dias.<\/p>\n\n\n\n<!--more-->\n\n\n\n<p>Entre as medidas restritivas est\u00e3o: <strong>suspens\u00e3o de eventos e atividades, p\u00fablicos ou privados, que envolvam aglomera\u00e7\u00e3o de pessoas, tais como: shows, cerim\u00f4nias de casamento, eventos urbanos e rurais em logradouros p\u00fablicos ou privados, eventos cient\u00edficos e profissionais, circos, cavalgadas, vaquejadas, parques de exposi\u00e7\u00f5es, solenidades de formatura, passeatas e afins; proibi\u00e7\u00e3o de shows musicais em bares e similares<\/strong>.<\/p>\n\n\n\n<div class=\"wp-block-image\"><figure class=\"alignleft size-large is-resized\"><img fetchpriority=\"high\" decoding=\"async\" src=\"https:\/\/www.portalalerta.com.br\/wp-content\/uploads\/2021\/10\/Cred-Real-1024x1024.jpeg\" alt=\"\" class=\"wp-image-38729\" width=\"302\" height=\"302\" srcset=\"https:\/\/www.portalalerta.com.br\/wp-content\/uploads\/2021\/10\/Cred-Real-1024x1024.jpeg 1024w, https:\/\/www.portalalerta.com.br\/wp-content\/uploads\/2021\/10\/Cred-Real-240x240.jpeg 240w, https:\/\/www.portalalerta.com.br\/wp-content\/uploads\/2021\/10\/Cred-Real-768x768.jpeg 768w, https:\/\/www.portalalerta.com.br\/wp-content\/uploads\/2021\/10\/Cred-Real-1536x1536.jpeg 1536w, https:\/\/www.portalalerta.com.br\/wp-content\/uploads\/2021\/10\/Cred-Real-146x146.jpeg 146w, https:\/\/www.portalalerta.com.br\/wp-content\/uploads\/2021\/10\/Cred-Real-50x50.jpeg 50w, https:\/\/www.portalalerta.com.br\/wp-content\/uploads\/2021\/10\/Cred-Real-75x75.jpeg 75w, https:\/\/www.portalalerta.com.br\/wp-content\/uploads\/2021\/10\/Cred-Real-85x85.jpeg 85w, https:\/\/www.portalalerta.com.br\/wp-content\/uploads\/2021\/10\/Cred-Real-80x80.jpeg 80w, https:\/\/www.portalalerta.com.br\/wp-content\/uploads\/2021\/10\/Cred-Real.jpeg 1920w\" sizes=\"(max-width: 302px) 100vw, 302px\" \/><\/figure><\/div>\n\n\n\n<p>Ser\u00e1 exigida a comprova\u00e7\u00e3o de vacina\u00e7\u00e3o para acesso aos bares, restaurantes, academias e similares, \u00f3rg\u00e3os p\u00fablicos (incluindo escolas).<\/p>\n\n\n\n<p>Igrejas e templos religiosos poder\u00e3o manter suas atividades, com 50% da ocupa\u00e7\u00e3o. Al\u00e9m disso, todos os estabelecimentos dever\u00e3o permanecer adotando as medidas de enfrentamento ao Coronav\u00edrus, como: uso de m\u00e1scaras, uso de \u00e1lcool em gel, e distanciamento social.<\/p>\n\n\n\n<p>A medida visa conter a escalada na quantidade de novos casos de Covid-19 &nbsp;na cidade. Na \u00faltima sexta-feira, o munic\u00edpio divulgou tamb\u00e9m o Boletim Epidemiol\u00f3gico Semanal, em que aponta que desde o in\u00edcio da pandemia, Ribeira do Pombal registrou <strong>5.831 casos, sendo 126 ativos (2%), 5.630 curados (97%), e 75 mortes (1%)<\/strong>.<\/p>\n\n\n\n<p>Veja <strong><a href=\"https:\/\/sai.io.org.br\/Handler.ashx?f=diario&amp;query=1028&amp;c=653&amp;m=0\">AQUI<\/a><\/strong> o Decreto na \u00edntegra!<\/p>\n\n\n\n<p><em>Reda\u00e7\u00e3o: Portal Alerta<\/em><\/p>\n","protected":false},"excerpt":{"rendered":"<p>O Decreto Municipal N\u00ba 013 de 28 de janeiro de 2022, publicado no Di\u00e1rio Oficial de Ribeira do Pombal-BA, na \u00faltima sexta-feira (28), j\u00e1 est\u00e1 valendo a partir desta segunda-feira (31), tendo uma dura\u00e7\u00e3o inicial de 15 dias.<\/p>\n","protected":false},"author":2,"featured_media":22391,"comment_status":"open","ping_status":"open","sticky":false,"template":"","format":"standard","meta":{"om_disable_all_campaigns":false,"_monsterinsights_skip_tracking":false,"_monsterinsights_sitenote_active":false,"_monsterinsights_sitenote_note":"","_monsterinsights_sitenote_category":0,"footnotes":""},"categories":[70,69,32,3,19],"tags":[3429,3486,2991,47],"class_list":["post-40682","post","type-post","status-publish","format-standard","has-post-thumbnail","hentry","category-destaques","category-noticias2","category-regiao","category-ribeira-do-pombal","category-saude","tag-coronavirus","tag-covid-19","tag-decreto-municipal","tag-ribeira-do-pombal"],"aioseo_notices":[],"_links":{"self":[{"href":"https:\/\/www.portalalerta.com.br\/index.php\/wp-json\/wp\/v2\/posts\/40682","targetHints":{"allow":["GET"]}}],"collection":[{"href":"https:\/\/www.portalalerta.com.br\/index.php\/wp-json\/wp\/v2\/posts"}],"about":[{"href":"https:\/\/www.portalalerta.com.br\/index.php\/wp-json\/wp\/v2\/types\/post"}],"author":[{"embeddable":true,"href":"https:\/\/www.portalalerta.com.br\/index.php\/wp-json\/wp\/v2\/users\/2"}],"replies":[{"embeddable":true,"href":"https:\/\/www.portalalerta.com.br\/index.php\/wp-json\/wp\/v2\/comments?post=40682"}],"version-history":[{"count":3,"href":"https:\/\/www.portalalerta.com.br\/index.php\/wp-json\/wp\/v2\/posts\/40682\/revisions"}],"predecessor-version":[{"id":40694,"href":"https:\/\/www.portalalerta.com.br\/index.php\/wp-json\/wp\/v2\/posts\/40682\/revisions\/40694"}],"wp:featuredmedia":[{"embeddable":true,"href":"https:\/\/www.portalalerta.com.br\/index.php\/wp-json\/wp\/v2\/media\/22391"}],"wp:attachment":[{"href":"https:\/\/www.portalalerta.com.br\/index.php\/wp-json\/wp\/v2\/media?parent=40682"}],"wp:term":[{"taxonomy":"category","embeddable":true,"href":"https:\/\/www.portalalerta.com.br\/index.php\/wp-json\/wp\/v2\/categories?post=40682"},{"taxonomy":"post_tag","embeddable":true,"href":"https:\/\/www.portalalerta.com.br\/index.php\/wp-json\/wp\/v2\/tags?post=40682"}],"curies":[{"name":"wp","href":"https:\/\/api.w.org\/{rel}","templated":true}]}}