{"id":40700,"date":"2022-01-31T15:31:43","date_gmt":"2022-01-31T18:31:43","guid":{"rendered":"https:\/\/www.portalalerta.com.br\/?p=40700"},"modified":"2022-01-31T15:31:44","modified_gmt":"2022-01-31T18:31:44","slug":"saxofonista-de-devinho-novaes-morre-apos-acidente-em-sao-sebastiao-al","status":"publish","type":"post","link":"https:\/\/www.portalalerta.com.br\/index.php\/2022\/01\/31\/saxofonista-de-devinho-novaes-morre-apos-acidente-em-sao-sebastiao-al\/","title":{"rendered":"Saxofonista de Devinho Novaes morre ap\u00f3s acidente em S\u00e3o Sebasti\u00e3o-AL"},"content":{"rendered":"\n<p>O Hospital de Emerg\u00eancia do Agreste (HEA) confirmou que morreu, na manh\u00e3 desta segunda-feira, 31, um dos 10 feridos\u00a0ap\u00f3s o\u00a0acidente com o \u00f4nibus do cantor Devinho Novaes.\u00a0<\/p>\n\n\n\n<!--more-->\n\n\n\n<p>Segundo a assessoria do HEA, a v\u00edtima que faleceu foi identificada como Cl\u00e1udio Douglas dos Santos, de 34 anos. Ele era m\u00fasico&nbsp;saxofonista da banda e conhecido como &#8220;Jack Sax&#8221;.<\/p>\n\n\n\n<p>O cantor e mais cinco pessoas j\u00e1 haviam sido liberados do atendimento m\u00e9dico, confirmou a assessoria. Os outros tr\u00eas feridos passaram&nbsp;por exames no hospital e receberam alta m\u00e9dica por volta de 10h15.&nbsp;<\/p>\n\n\n\n<div class=\"wp-block-image\"><figure class=\"aligncenter size-large\"><img fetchpriority=\"high\" decoding=\"async\" width=\"720\" height=\"181\" src=\"https:\/\/www.portalalerta.com.br\/wp-content\/uploads\/2018\/02\/Auto-Escola-Nobre.jpg\" alt=\"\" class=\"wp-image-4869\" srcset=\"https:\/\/www.portalalerta.com.br\/wp-content\/uploads\/2018\/02\/Auto-Escola-Nobre.jpg 720w, https:\/\/www.portalalerta.com.br\/wp-content\/uploads\/2018\/02\/Auto-Escola-Nobre-260x65.jpg 260w, https:\/\/www.portalalerta.com.br\/wp-content\/uploads\/2018\/02\/Auto-Escola-Nobre-50x13.jpg 50w, https:\/\/www.portalalerta.com.br\/wp-content\/uploads\/2018\/02\/Auto-Escola-Nobre-150x38.jpg 150w\" sizes=\"(max-width: 720px) 100vw, 720px\" \/><\/figure><\/div>\n\n\n\n<p>O \u00f4nibus que transportava a banda do cantor Devinho Novaes, que tamb\u00e9m estava no ve\u00edculo, tombou na madrugada desta segunda-feira, 31, no km 208 da BR-101, em S\u00e3o Sebasti\u00e3o, no interior de Alagoas.&nbsp;<\/p>\n\n\n\n<p><strong>&#8220;Dif\u00edcil explicar aos familiares&#8221;, diz cantor<\/strong><\/p>\n\n\n\n<p>O cantor Devinho Novaes se emocionou ao falar pela primeira vez ap\u00f3s o\u00a0acidente com o \u00f4nibus da banda, em S\u00e3o Sebasti\u00e3o, no interior de Alagoas.\u00a0O\u00a0saxofonista\u00a0Cl\u00e1udio Douglas dos Santos, conhecido como Jack Sax, n\u00e3o resistiu aos ferimentos e morreu no Hospital de Emerg\u00eancia do Agreste, na manh\u00e3 desta segunda-feira, 31, em Arapiraca.\u00a0<\/p>\n\n\n\n<p><strong><em>&#8220;A gente fica muito triste. Essa perda que aconteceu com nosso saxofonista. Gra\u00e7as a Deus estou bem. O dif\u00edcil vai ser a explica\u00e7\u00e3o para os familiares. A gente luta, vai trabalhar para acontecer isso&#8230;&#8221;<\/em><\/strong>, disse em entrevista \u00e0&nbsp;R\u00e1dio L\u00edder FM.<\/p>\n\n\n\n<p><strong><em>&#8220;Quero agradecer a todos que est\u00e3o rezando muito. Muito obrigado pelo carinho. Foi uma coisa inesperada. Eu e minha av\u00f3 est\u00e1vamos dormindo, a galera toda estava dormindo. N\u00e3o sei nem explicar como foi que aconteceu isso, do nada eu estava embaixo do \u00f4nibus. [&#8230;] Deus deu mais uma chance para a gente. Minha av\u00f3 vai fazer uma cirurgia agora. Me preocupei bastante com minha av\u00f3, \u00e9 uma pessoa batalhadora comigo. Sempre me acompanha nos shows, \u00e9 uma pessoa maravilhosa. Eu recebi alta com o produtor e ainda faltam algumas pessoas da banda. Peguei muitos cortes nas costas, uma lapada nas costas, est\u00e1 doendo demais, mas gra\u00e7as a Deus vou ficar bem. O que est\u00e1 doendo mesmo \u00e9 essa perda de um grande amigo meu, o saxofonista da banda. Muito obrigado pelo carinho dos f\u00e3s. Quero avisar que estou bem&#8221;<\/em><\/strong>, continuou.<\/p>\n\n\n\n<p><em>Fonte: tnh1<\/em><\/p>\n","protected":false},"excerpt":{"rendered":"<p>O Hospital de Emerg\u00eancia do Agreste (HEA) confirmou que morreu, na manh\u00e3 desta segunda-feira, 31, um dos 10 feridos\u00a0ap\u00f3s o\u00a0acidente com o \u00f4nibus do cantor Devinho Novaes.\u00a0<\/p>\n","protected":false},"author":2,"featured_media":40705,"comment_status":"open","ping_status":"open","sticky":false,"template":"","format":"standard","meta":{"om_disable_all_campaigns":false,"_monsterinsights_skip_tracking":false,"_monsterinsights_sitenote_active":false,"_monsterinsights_sitenote_note":"","_monsterinsights_sitenote_category":0,"footnotes":""},"categories":[34,70,69],"tags":[166,454,93,3764,393,169],"class_list":["post-40700","post","type-post","status-publish","format-standard","has-post-thumbnail","hentry","category-brasil","category-destaques","category-noticias2","tag-acidente","tag-alagoas","tag-brasil","tag-devinho-novaes","tag-feridos","tag-morte"],"aioseo_notices":[],"_links":{"self":[{"href":"https:\/\/www.portalalerta.com.br\/index.php\/wp-json\/wp\/v2\/posts\/40700","targetHints":{"allow":["GET"]}}],"collection":[{"href":"https:\/\/www.portalalerta.com.br\/index.php\/wp-json\/wp\/v2\/posts"}],"about":[{"href":"https:\/\/www.portalalerta.com.br\/index.php\/wp-json\/wp\/v2\/types\/post"}],"author":[{"embeddable":true,"href":"https:\/\/www.portalalerta.com.br\/index.php\/wp-json\/wp\/v2\/users\/2"}],"replies":[{"embeddable":true,"href":"https:\/\/www.portalalerta.com.br\/index.php\/wp-json\/wp\/v2\/comments?post=40700"}],"version-history":[{"count":1,"href":"https:\/\/www.portalalerta.com.br\/index.php\/wp-json\/wp\/v2\/posts\/40700\/revisions"}],"predecessor-version":[{"id":40706,"href":"https:\/\/www.portalalerta.com.br\/index.php\/wp-json\/wp\/v2\/posts\/40700\/revisions\/40706"}],"wp:featuredmedia":[{"embeddable":true,"href":"https:\/\/www.portalalerta.com.br\/index.php\/wp-json\/wp\/v2\/media\/40705"}],"wp:attachment":[{"href":"https:\/\/www.portalalerta.com.br\/index.php\/wp-json\/wp\/v2\/media?parent=40700"}],"wp:term":[{"taxonomy":"category","embeddable":true,"href":"https:\/\/www.portalalerta.com.br\/index.php\/wp-json\/wp\/v2\/categories?post=40700"},{"taxonomy":"post_tag","embeddable":true,"href":"https:\/\/www.portalalerta.com.br\/index.php\/wp-json\/wp\/v2\/tags?post=40700"}],"curies":[{"name":"wp","href":"https:\/\/api.w.org\/{rel}","templated":true}]}}