{"id":40949,"date":"2022-02-08T22:04:23","date_gmt":"2022-02-09T01:04:23","guid":{"rendered":"https:\/\/www.portalalerta.com.br\/?p=40949"},"modified":"2022-02-08T22:04:24","modified_gmt":"2022-02-09T01:04:24","slug":"acusado-de-cometer-estupro-em-banzae-ba-e-preso-em-sao-paulo","status":"publish","type":"post","link":"https:\/\/www.portalalerta.com.br\/index.php\/2022\/02\/08\/acusado-de-cometer-estupro-em-banzae-ba-e-preso-em-sao-paulo\/","title":{"rendered":"Acusado de Cometer estupro em Banza\u00ea-BA \u00e9 preso em S\u00e3o Paulo"},"content":{"rendered":"\n<p>No final da tarde da \u00faltima segunda-feira (07), policiais militares de Tatu\u00ed-SP, capturaram um homem acusado de ter cometido estupro em Banza\u00ea-BA, h\u00e1 sete anos.<\/p>\n\n\n\n<!--more-->\n\n\n\n<p>De acordo com informa\u00e7\u00f5es, o crime teria acontecido em 2015, no povoado Salgado, pertencente ao munic\u00edpio baiano. Na ocasi\u00e3o, o homem identificado pelas iniciais O. de S.C, hoje com 41 anos de idade, teria feito uso de bebida alco\u00f3lica em companhia de uma mulher, e teria se aproveitado do fato da embriaguez da mesma, para estupr\u00e1-la.<\/p>\n\n\n\n<p>Ap\u00f3s o crime o homem fugiu para S\u00e3o Paulo, onde ficou ao longo de todo este tempo na condi\u00e7\u00e3o de foragido.<\/p>\n\n\n\n<p>Com o trabalho investigativo de policiais civis da 25\u00aa COORPIN, foi descoberto o paradeiro do autor, e ap\u00f3s trabalho conjunto com os militares paulistas, a fuga chegou a fim.<\/p>\n\n\n\n<p>O agora capturado, foi conduzido para a Delegacia de Pol\u00edcia Civil, onde se encontra custodiado, devendo ser recambiado para o Sistema Prisional Baiano.<\/p>\n\n\n\n<p><em>Reda\u00e7\u00e3o: Portal Alerta<\/em><\/p>\n","protected":false},"excerpt":{"rendered":"<p>No final da tarde da \u00faltima segunda-feira (07), policiais militares de Tatu\u00ed-SP, capturaram um homem acusado de ter cometido estupro em Banza\u00ea-BA, h\u00e1 sete anos.<\/p>\n","protected":false},"author":2,"featured_media":18440,"comment_status":"open","ping_status":"open","sticky":false,"template":"","format":"standard","meta":{"om_disable_all_campaigns":false,"_monsterinsights_skip_tracking":false,"_monsterinsights_sitenote_active":false,"_monsterinsights_sitenote_note":"","_monsterinsights_sitenote_category":0,"footnotes":""},"categories":[39,34,70,69,32,22],"tags":[557,49,56,384,122,79,77,397],"class_list":["post-40949","post","type-post","status-publish","format-standard","has-post-thumbnail","hentry","category-banzae","category-brasil","category-destaques","category-noticias2","category-regiao","category-seguranca","tag-25a-coorpin","tag-banzae","tag-estupro","tag-foragido","tag-policia-civil","tag-policia-militar","tag-preso","tag-seguranca"],"aioseo_notices":[],"_links":{"self":[{"href":"https:\/\/www.portalalerta.com.br\/index.php\/wp-json\/wp\/v2\/posts\/40949","targetHints":{"allow":["GET"]}}],"collection":[{"href":"https:\/\/www.portalalerta.com.br\/index.php\/wp-json\/wp\/v2\/posts"}],"about":[{"href":"https:\/\/www.portalalerta.com.br\/index.php\/wp-json\/wp\/v2\/types\/post"}],"author":[{"embeddable":true,"href":"https:\/\/www.portalalerta.com.br\/index.php\/wp-json\/wp\/v2\/users\/2"}],"replies":[{"embeddable":true,"href":"https:\/\/www.portalalerta.com.br\/index.php\/wp-json\/wp\/v2\/comments?post=40949"}],"version-history":[{"count":1,"href":"https:\/\/www.portalalerta.com.br\/index.php\/wp-json\/wp\/v2\/posts\/40949\/revisions"}],"predecessor-version":[{"id":40950,"href":"https:\/\/www.portalalerta.com.br\/index.php\/wp-json\/wp\/v2\/posts\/40949\/revisions\/40950"}],"wp:featuredmedia":[{"embeddable":true,"href":"https:\/\/www.portalalerta.com.br\/index.php\/wp-json\/wp\/v2\/media\/18440"}],"wp:attachment":[{"href":"https:\/\/www.portalalerta.com.br\/index.php\/wp-json\/wp\/v2\/media?parent=40949"}],"wp:term":[{"taxonomy":"category","embeddable":true,"href":"https:\/\/www.portalalerta.com.br\/index.php\/wp-json\/wp\/v2\/categories?post=40949"},{"taxonomy":"post_tag","embeddable":true,"href":"https:\/\/www.portalalerta.com.br\/index.php\/wp-json\/wp\/v2\/tags?post=40949"}],"curies":[{"name":"wp","href":"https:\/\/api.w.org\/{rel}","templated":true}]}}