{"id":40952,"date":"2022-02-09T07:00:00","date_gmt":"2022-02-09T10:00:00","guid":{"rendered":"https:\/\/www.portalalerta.com.br\/?p=40952"},"modified":"2022-02-09T00:41:31","modified_gmt":"2022-02-09T03:41:31","slug":"moraes-autoriza-pf-a-compartilhar-provas-de-inquerito-sobre-bolsonaro-com-investigacao-de-milicia-digital","status":"publish","type":"post","link":"https:\/\/www.portalalerta.com.br\/index.php\/2022\/02\/09\/moraes-autoriza-pf-a-compartilhar-provas-de-inquerito-sobre-bolsonaro-com-investigacao-de-milicia-digital\/","title":{"rendered":"Moraes autoriza PF a compartilhar provas de inqu\u00e9rito sobre Bolsonaro com investiga\u00e7\u00e3o de mil\u00edcia digital"},"content":{"rendered":"\n<p>Moraes autoriza PF a compartilhar provas de inqu\u00e9rito sobre Bolsonaro com investiga\u00e7\u00e3o de mil\u00edcia digital<\/p>\n\n\n\n<!--more-->\n\n\n\n<p>Decis\u00e3o atende a um pedido da pr\u00f3pria PF<\/p>\n\n\n\n<div class=\"wp-block-image\"><figure class=\"alignleft size-full is-resized\"><img fetchpriority=\"high\" decoding=\"async\" src=\"https:\/\/www.portalalerta.com.br\/wp-content\/uploads\/2021\/04\/ELAB.jpg\" alt=\"\" class=\"wp-image-34795\" width=\"404\" height=\"322\" srcset=\"https:\/\/www.portalalerta.com.br\/wp-content\/uploads\/2021\/04\/ELAB.jpg 1000w, https:\/\/www.portalalerta.com.br\/wp-content\/uploads\/2021\/04\/ELAB-300x240.jpg 300w, https:\/\/www.portalalerta.com.br\/wp-content\/uploads\/2021\/04\/ELAB-768x614.jpg 768w, https:\/\/www.portalalerta.com.br\/wp-content\/uploads\/2021\/04\/ELAB-183x146.jpg 183w, https:\/\/www.portalalerta.com.br\/wp-content\/uploads\/2021\/04\/ELAB-50x40.jpg 50w, https:\/\/www.portalalerta.com.br\/wp-content\/uploads\/2021\/04\/ELAB-94x75.jpg 94w\" sizes=\"(max-width: 404px) 100vw, 404px\" \/><\/figure><\/div>\n\n\n\n<p>O ministro Alexandre de Moraes, do Supremo Tribunal Federal, autorizou nesta ter\u00e7a-feira (8) a Pol\u00edcia Federal a usar as provas obtidas na investiga\u00e7\u00e3o que mirou o presidente Jair Bolsonaro por vazamento de dados no inqu\u00e9rito que apura a atua\u00e7\u00e3o de uma mil\u00edcia digital contra a democracia.<\/p>\n\n\n\n<p>A decis\u00e3o atende a um pedido da pr\u00f3pria PF. A delegada Denisse Ribeiro declarou que os elementos colhidos pela institui\u00e7\u00e3o corroboram a <strong><em>\u201cideia de articula\u00e7\u00e3o de um grupo maior de pessoas cuja atua\u00e7\u00e3o se insere em contexto mais amplo&#8221;.<\/em><\/strong>&nbsp;<\/p>\n\n\n\n<p><em>Fonte: Metro1<\/em><\/p>\n","protected":false},"excerpt":{"rendered":"<p>Moraes autoriza PF a compartilhar provas de inqu\u00e9rito sobre Bolsonaro com investiga\u00e7\u00e3o de mil\u00edcia digital<\/p>\n","protected":false},"author":2,"featured_media":16331,"comment_status":"open","ping_status":"open","sticky":false,"template":"","format":"standard","meta":{"om_disable_all_campaigns":false,"_monsterinsights_skip_tracking":false,"_monsterinsights_sitenote_active":false,"_monsterinsights_sitenote_note":"","_monsterinsights_sitenote_category":0,"footnotes":""},"categories":[34,70,69,21],"tags":[1173,93,821,1395],"class_list":["post-40952","post","type-post","status-publish","format-standard","has-post-thumbnail","hentry","category-brasil","category-destaques","category-noticias2","category-politica","tag-alexandre-de-moraes","tag-brasil","tag-fakenews","tag-jair-bolsonaro"],"aioseo_notices":[],"_links":{"self":[{"href":"https:\/\/www.portalalerta.com.br\/index.php\/wp-json\/wp\/v2\/posts\/40952","targetHints":{"allow":["GET"]}}],"collection":[{"href":"https:\/\/www.portalalerta.com.br\/index.php\/wp-json\/wp\/v2\/posts"}],"about":[{"href":"https:\/\/www.portalalerta.com.br\/index.php\/wp-json\/wp\/v2\/types\/post"}],"author":[{"embeddable":true,"href":"https:\/\/www.portalalerta.com.br\/index.php\/wp-json\/wp\/v2\/users\/2"}],"replies":[{"embeddable":true,"href":"https:\/\/www.portalalerta.com.br\/index.php\/wp-json\/wp\/v2\/comments?post=40952"}],"version-history":[{"count":1,"href":"https:\/\/www.portalalerta.com.br\/index.php\/wp-json\/wp\/v2\/posts\/40952\/revisions"}],"predecessor-version":[{"id":40953,"href":"https:\/\/www.portalalerta.com.br\/index.php\/wp-json\/wp\/v2\/posts\/40952\/revisions\/40953"}],"wp:featuredmedia":[{"embeddable":true,"href":"https:\/\/www.portalalerta.com.br\/index.php\/wp-json\/wp\/v2\/media\/16331"}],"wp:attachment":[{"href":"https:\/\/www.portalalerta.com.br\/index.php\/wp-json\/wp\/v2\/media?parent=40952"}],"wp:term":[{"taxonomy":"category","embeddable":true,"href":"https:\/\/www.portalalerta.com.br\/index.php\/wp-json\/wp\/v2\/categories?post=40952"},{"taxonomy":"post_tag","embeddable":true,"href":"https:\/\/www.portalalerta.com.br\/index.php\/wp-json\/wp\/v2\/tags?post=40952"}],"curies":[{"name":"wp","href":"https:\/\/api.w.org\/{rel}","templated":true}]}}