{"id":40956,"date":"2022-02-09T07:02:00","date_gmt":"2022-02-09T10:02:00","guid":{"rendered":"https:\/\/www.portalalerta.com.br\/?p=40956"},"modified":"2022-02-09T00:53:29","modified_gmt":"2022-02-09T03:53:29","slug":"fachin-concede-liberdade-condicional-para-geddel","status":"publish","type":"post","link":"https:\/\/www.portalalerta.com.br\/index.php\/2022\/02\/09\/fachin-concede-liberdade-condicional-para-geddel\/","title":{"rendered":"Fachin concede liberdade condicional para Geddel"},"content":{"rendered":"\n<p>Ministro do STF liberou tamb\u00e9m a dedu\u00e7\u00e3o de 681 dias da senten\u00e7a de 13 anos e quatro meses<\/p>\n\n\n\n<!--more-->\n\n\n\n<p>O ministro Edson Fachin, do Supremo Tribunal Federal (STF), autorizou o ex-ministro e ex-deputado federal, Geddel Vieira Lima, a cumprir pena em liberdade condicional pelo crime de associa\u00e7\u00e3o criminosa no caso das malas com &nbsp;R$ 51 milh\u00f5es encontradas em um apartamento de Salvador.<\/p>\n\n\n\n<p>Al\u00e9m da progress\u00e3o de regime, o ministro tamb\u00e9m liberou a dedu\u00e7\u00e3o de 681 dias da senten\u00e7a de 13 anos e quatro meses imposta no processo. Geddel cumpre pena desde julho de 2017, quando foi decretada sua pris\u00e3o provis\u00f3ria.<\/p>\n\n\n\n<div class=\"wp-block-image\"><figure class=\"alignleft size-large is-resized\"><img fetchpriority=\"high\" decoding=\"async\" src=\"https:\/\/www.portalalerta.com.br\/wp-content\/uploads\/2021\/10\/Cred-Real-1024x1024.jpeg\" alt=\"\" class=\"wp-image-38729\" width=\"402\" height=\"402\" srcset=\"https:\/\/www.portalalerta.com.br\/wp-content\/uploads\/2021\/10\/Cred-Real-1024x1024.jpeg 1024w, https:\/\/www.portalalerta.com.br\/wp-content\/uploads\/2021\/10\/Cred-Real-240x240.jpeg 240w, https:\/\/www.portalalerta.com.br\/wp-content\/uploads\/2021\/10\/Cred-Real-768x768.jpeg 768w, https:\/\/www.portalalerta.com.br\/wp-content\/uploads\/2021\/10\/Cred-Real-1536x1536.jpeg 1536w, https:\/\/www.portalalerta.com.br\/wp-content\/uploads\/2021\/10\/Cred-Real-146x146.jpeg 146w, https:\/\/www.portalalerta.com.br\/wp-content\/uploads\/2021\/10\/Cred-Real-50x50.jpeg 50w, https:\/\/www.portalalerta.com.br\/wp-content\/uploads\/2021\/10\/Cred-Real-75x75.jpeg 75w, https:\/\/www.portalalerta.com.br\/wp-content\/uploads\/2021\/10\/Cred-Real-85x85.jpeg 85w, https:\/\/www.portalalerta.com.br\/wp-content\/uploads\/2021\/10\/Cred-Real-80x80.jpeg 80w, https:\/\/www.portalalerta.com.br\/wp-content\/uploads\/2021\/10\/Cred-Real.jpeg 1920w\" sizes=\"(max-width: 402px) 100vw, 402px\" \/><\/figure><\/div>\n\n\n\n<p>Em setembro, ele recebeu autoriza\u00e7\u00e3o para migrar para o semiaberto. Agora, na liberdade condicional, vai poder trabalhar e voltar para casa.<\/p>\n\n\n\n<p>Os advogados de Geddel pediram o abatimento da pena por participa\u00e7\u00e3o em cursos de capacita\u00e7\u00e3o profissional no Complexo Penitenci\u00e1rio da Papuda, em Bras\u00edlia, e no Centro de Observa\u00e7\u00e3o Penal, em Salvador.<\/p>\n\n\n\n<p>O argumento foi a &#8220;dedica\u00e7\u00e3o \u00e0 leitura e elabora\u00e7\u00e3o de resenhas&#8221; e aprova\u00e7\u00e3o no Nacional do Ensino M\u00e9dio (Enem) de 2017.<\/p>\n\n\n\n<p>Em sua decis\u00e3o, Fachin reconheceu que, pelas crit\u00e9rios definidos em lei, Geddel est\u00e1 habilitado para pedir a liberdade condicional desde dezembro do ano passado.<\/p>\n\n\n\n<p>Ao analisar o requerimento da defesa, o ministro do STF concluiu que os elementos apresentados sugerem <strong><em>&#8216;senso de autodisciplina e responsabilidade&#8217;<\/em><\/strong> e mencionou que o ex-deputado tem inclusive proposta de trabalho, reunindo &#8216;condi\u00e7\u00f5es para garantir a pr\u00f3pria subsist\u00eancia&#8217;.<\/p>\n\n\n\n<p>Geddel foi ministro da Secretaria do Governo durante mandato de Michel Temer, e ministro da Integra\u00e7\u00e3o Nacional do governo Lula, entre 2007 e 2010. Ele foi preso em 2017 por lavagem de dinheiro e associa\u00e7\u00e3o criminosa.<\/p>\n\n\n\n<p><em>Fonte: A Tarde<\/em><\/p>\n","protected":false},"excerpt":{"rendered":"<p>Ministro do STF liberou tamb\u00e9m a dedu\u00e7\u00e3o de 681 dias da senten\u00e7a de 13 anos e quatro meses<\/p>\n","protected":false},"author":2,"featured_media":4483,"comment_status":"open","ping_status":"open","sticky":false,"template":"","format":"standard","meta":{"om_disable_all_campaigns":false,"_monsterinsights_skip_tracking":false,"_monsterinsights_sitenote_active":false,"_monsterinsights_sitenote_note":"","_monsterinsights_sitenote_category":0,"footnotes":""},"categories":[33,34,70,69,21],"tags":[93,3538,542,1577,216],"class_list":["post-40956","post","type-post","status-publish","format-standard","has-post-thumbnail","hentry","category-bahia","category-brasil","category-destaques","category-noticias2","category-politica","tag-brasil","tag-edson-fachin","tag-geddel","tag-liberdade-condicional","tag-stf"],"aioseo_notices":[],"_links":{"self":[{"href":"https:\/\/www.portalalerta.com.br\/index.php\/wp-json\/wp\/v2\/posts\/40956","targetHints":{"allow":["GET"]}}],"collection":[{"href":"https:\/\/www.portalalerta.com.br\/index.php\/wp-json\/wp\/v2\/posts"}],"about":[{"href":"https:\/\/www.portalalerta.com.br\/index.php\/wp-json\/wp\/v2\/types\/post"}],"author":[{"embeddable":true,"href":"https:\/\/www.portalalerta.com.br\/index.php\/wp-json\/wp\/v2\/users\/2"}],"replies":[{"embeddable":true,"href":"https:\/\/www.portalalerta.com.br\/index.php\/wp-json\/wp\/v2\/comments?post=40956"}],"version-history":[{"count":1,"href":"https:\/\/www.portalalerta.com.br\/index.php\/wp-json\/wp\/v2\/posts\/40956\/revisions"}],"predecessor-version":[{"id":40957,"href":"https:\/\/www.portalalerta.com.br\/index.php\/wp-json\/wp\/v2\/posts\/40956\/revisions\/40957"}],"wp:featuredmedia":[{"embeddable":true,"href":"https:\/\/www.portalalerta.com.br\/index.php\/wp-json\/wp\/v2\/media\/4483"}],"wp:attachment":[{"href":"https:\/\/www.portalalerta.com.br\/index.php\/wp-json\/wp\/v2\/media?parent=40956"}],"wp:term":[{"taxonomy":"category","embeddable":true,"href":"https:\/\/www.portalalerta.com.br\/index.php\/wp-json\/wp\/v2\/categories?post=40956"},{"taxonomy":"post_tag","embeddable":true,"href":"https:\/\/www.portalalerta.com.br\/index.php\/wp-json\/wp\/v2\/tags?post=40956"}],"curies":[{"name":"wp","href":"https:\/\/api.w.org\/{rel}","templated":true}]}}