{"id":40958,"date":"2022-02-09T09:23:35","date_gmt":"2022-02-09T12:23:35","guid":{"rendered":"https:\/\/www.portalalerta.com.br\/?p=40958"},"modified":"2022-02-09T09:23:37","modified_gmt":"2022-02-09T12:23:37","slug":"em-acao-rapida-policia-e-gcm-recuperam-veiculo-roubado-e-prendem-criminosos-em-ribeira-do-pombal-ba","status":"publish","type":"post","link":"https:\/\/www.portalalerta.com.br\/index.php\/2022\/02\/09\/em-acao-rapida-policia-e-gcm-recuperam-veiculo-roubado-e-prendem-criminosos-em-ribeira-do-pombal-ba\/","title":{"rendered":"Em a\u00e7\u00e3o r\u00e1pida, pol\u00edcia e GCM recuperam ve\u00edculo roubado e prendem criminosos em Ribeira do Pombal-BA"},"content":{"rendered":"\n<p>Na noite da \u00faltima ter\u00e7a-feira (08), policiais militares do 2\u00ba Pelot\u00e3o\/ Ribeira do Pombal-BA, foram informados a respeito de um roubo ocorrido na Fazenda Jo\u00e3o do Alto, no referido munic\u00edpio, em que dois criminosos, utilizando uma arma de fogo, teriam subtra\u00eddo um ve\u00edculo Honda Biz de cor branca, que estava sendo conduzido por uma mulher.<\/p>\n\n\n\n<!--more-->\n\n\n\n<p>Os policiais foram informados que o ve\u00edculo possu\u00eda rastreador, e que o sinal do GPS apontava a localiza\u00e7\u00e3o numa propriedade rural situada na Fazenda Barreiro do Zumbi. Na ocasi\u00e3o, foi montada uma a\u00e7\u00e3o conjunta com Guardas Civis Municipais, que ao chegarem ao local, encontraram um rapaz em atitude suspeita, o que n\u00e3o demorou muito para se comprovar que se tratava de um dos assaltantes.<\/p>\n\n\n\n<p>A motocicleta foi encontrada no interior de uma resid\u00eancia, que segundo informa\u00e7\u00f5es \u00e9 de propriedade do outro criminoso, que tamb\u00e9m foi localizado em seguida.<\/p>\n\n\n\n<p>A dupla, bem como a motocicleta, foi conduzida e apresentada em flagrante na Delegacia de Pol\u00edcia Civil da cidade. Quanto a arma de fogo utilizada, n\u00e3o foi encontrada.<\/p>\n\n\n\n<p><em>Reda\u00e7\u00e3o: Portal Alerta<\/em><\/p>\n","protected":false},"excerpt":{"rendered":"<p>Na noite da \u00faltima ter\u00e7a-feira (08), policiais militares do 2\u00ba Pelot\u00e3o\/ Ribeira do Pombal-BA, foram informados a respeito de um roubo ocorrido na Fazenda Jo\u00e3o do Alto, no referido munic\u00edpio, em que dois criminosos, utilizando uma arma de fogo, teriam subtra\u00eddo um ve\u00edculo Honda Biz de cor branca, que estava sendo conduzido por uma mulher.<\/p>\n","protected":false},"author":2,"featured_media":40959,"comment_status":"open","ping_status":"open","sticky":false,"template":"","format":"standard","meta":{"om_disable_all_campaigns":false,"_monsterinsights_skip_tracking":false,"_monsterinsights_sitenote_active":false,"_monsterinsights_sitenote_note":"","_monsterinsights_sitenote_category":0,"footnotes":""},"categories":[70,69,32,3,22],"tags":[313,79,110,47,101,102],"class_list":["post-40958","post","type-post","status-publish","format-standard","has-post-thumbnail","hentry","category-destaques","category-noticias2","category-regiao","category-ribeira-do-pombal","category-seguranca","tag-gcm","tag-policia-militar","tag-presos","tag-ribeira-do-pombal","tag-roubo-de-moto","tag-veiculo-recuperado"],"aioseo_notices":[],"_links":{"self":[{"href":"https:\/\/www.portalalerta.com.br\/index.php\/wp-json\/wp\/v2\/posts\/40958","targetHints":{"allow":["GET"]}}],"collection":[{"href":"https:\/\/www.portalalerta.com.br\/index.php\/wp-json\/wp\/v2\/posts"}],"about":[{"href":"https:\/\/www.portalalerta.com.br\/index.php\/wp-json\/wp\/v2\/types\/post"}],"author":[{"embeddable":true,"href":"https:\/\/www.portalalerta.com.br\/index.php\/wp-json\/wp\/v2\/users\/2"}],"replies":[{"embeddable":true,"href":"https:\/\/www.portalalerta.com.br\/index.php\/wp-json\/wp\/v2\/comments?post=40958"}],"version-history":[{"count":1,"href":"https:\/\/www.portalalerta.com.br\/index.php\/wp-json\/wp\/v2\/posts\/40958\/revisions"}],"predecessor-version":[{"id":40960,"href":"https:\/\/www.portalalerta.com.br\/index.php\/wp-json\/wp\/v2\/posts\/40958\/revisions\/40960"}],"wp:featuredmedia":[{"embeddable":true,"href":"https:\/\/www.portalalerta.com.br\/index.php\/wp-json\/wp\/v2\/media\/40959"}],"wp:attachment":[{"href":"https:\/\/www.portalalerta.com.br\/index.php\/wp-json\/wp\/v2\/media?parent=40958"}],"wp:term":[{"taxonomy":"category","embeddable":true,"href":"https:\/\/www.portalalerta.com.br\/index.php\/wp-json\/wp\/v2\/categories?post=40958"},{"taxonomy":"post_tag","embeddable":true,"href":"https:\/\/www.portalalerta.com.br\/index.php\/wp-json\/wp\/v2\/tags?post=40958"}],"curies":[{"name":"wp","href":"https:\/\/api.w.org\/{rel}","templated":true}]}}