{"id":40961,"date":"2022-02-09T21:21:19","date_gmt":"2022-02-10T00:21:19","guid":{"rendered":"https:\/\/www.portalalerta.com.br\/?p=40961"},"modified":"2022-02-09T21:21:20","modified_gmt":"2022-02-10T00:21:20","slug":"genial-quaest-lula-tem-45-das-intencoes-de-voto-em-1o-turno-e-bolsonaro-23","status":"publish","type":"post","link":"https:\/\/www.portalalerta.com.br\/index.php\/2022\/02\/09\/genial-quaest-lula-tem-45-das-intencoes-de-voto-em-1o-turno-e-bolsonaro-23\/","title":{"rendered":"Genial\/Quaest: Lula tem 45% das inten\u00e7\u00f5es de voto em 1\u00ba turno e Bolsonaro, 23%"},"content":{"rendered":"\n<p>O ex-presidente Luiz In\u00e1cio Lula da Silva (PT) mant\u00e9m a lideran\u00e7a na disputa \u00e0 Presid\u00eancia em 2022, com 45% de inten\u00e7\u00e3o de voto, de acordo com a pesquisa Genial\/Quaest divulgada nesta quarta-feira. O atual presidente Jair Bolsonaro (PL), candidato \u00e0 reelei\u00e7\u00e3o, est\u00e1 com 23%. A pesquisa foi realizada entre os dias 3 e 6 de fevereiro e entrevistou 2 mil pessoas, sendo todos eleitores com 16 anos ou mais. A margem de erro \u00e9 de dois pontos percentuais e o n\u00edvel de confiabilidade \u00e9 de 95%. A pesquisa foi registrada no TSE.<\/p>\n\n\n\n<!--more-->\n\n\n\n<div class=\"wp-block-image\"><figure class=\"alignleft size-full is-resized\"><img fetchpriority=\"high\" decoding=\"async\" src=\"https:\/\/www.portalalerta.com.br\/wp-content\/uploads\/2021\/04\/ELAB.jpg\" alt=\"\" class=\"wp-image-34795\" width=\"427\" height=\"341\" srcset=\"https:\/\/www.portalalerta.com.br\/wp-content\/uploads\/2021\/04\/ELAB.jpg 1000w, https:\/\/www.portalalerta.com.br\/wp-content\/uploads\/2021\/04\/ELAB-300x240.jpg 300w, https:\/\/www.portalalerta.com.br\/wp-content\/uploads\/2021\/04\/ELAB-768x614.jpg 768w, https:\/\/www.portalalerta.com.br\/wp-content\/uploads\/2021\/04\/ELAB-183x146.jpg 183w, https:\/\/www.portalalerta.com.br\/wp-content\/uploads\/2021\/04\/ELAB-50x40.jpg 50w, https:\/\/www.portalalerta.com.br\/wp-content\/uploads\/2021\/04\/ELAB-94x75.jpg 94w\" sizes=\"(max-width: 427px) 100vw, 427px\" \/><\/figure><\/div>\n\n\n\n<p>O ex-juiz Sergio Moro (Podemos) aparece empatado com Ciro Gomes (PDT), com 7% das inten\u00e7\u00f5es de voto. O governador de S\u00e3o Paulo Jo\u00e3o Doria (PSDB) est\u00e1 com 2%, empatado numericamente com Andr\u00e9 Janones (Avante). A senadora Simone Tebet (MDB) est\u00e1 com 1%. Rodrigo Pacheco (PSD) e Felipe D\u00b4Avila n\u00e3o pontuaram. Brancos e nulos somam 8%, e indecisos, 5%.<\/p>\n\n\n\n<p>Em uma eventual disputa pelo segundo turno, Lula venceria a disputa em todos os cen\u00e1rios, segundo a Genial\/Quaest. Na disputa contra Bolsonaro, ficaria com 54% ante os 30% do atual presidente. Se for Moro, fica com 52% contra 28%. Ciro, 51% ante 24%. No caso de Doria, Lula chegaria a 55% contra 16% do tucano. E se o advers\u00e1rio for Andr\u00e9 Janones, chega a 56% contra 14%.<\/p>\n\n\n\n<p><em>Fonte: Yahoo Not\u00edcias<\/em><\/p>\n","protected":false},"excerpt":{"rendered":"<p>O ex-presidente Luiz In\u00e1cio Lula da Silva (PT) mant\u00e9m a lideran\u00e7a na disputa \u00e0 Presid\u00eancia em 2022, com 45% de inten\u00e7\u00e3o de voto, de acordo com a pesquisa Genial\/Quaest divulgada nesta quarta-feira. O atual presidente Jair Bolsonaro (PL), candidato \u00e0 reelei\u00e7\u00e3o, est\u00e1 com 23%. A pesquisa foi realizada entre os dias 3 e 6 de &hellip;<\/p>\n","protected":false},"author":2,"featured_media":40837,"comment_status":"open","ping_status":"open","sticky":false,"template":"","format":"standard","meta":{"om_disable_all_campaigns":false,"_monsterinsights_skip_tracking":false,"_monsterinsights_sitenote_active":false,"_monsterinsights_sitenote_note":"","_monsterinsights_sitenote_category":0,"footnotes":""},"categories":[34,70,69,21],"tags":[93,967,3181,1395,303,3871,443],"class_list":["post-40961","post","type-post","status-publish","format-standard","has-post-thumbnail","hentry","category-brasil","category-destaques","category-noticias2","category-politica","tag-brasil","tag-ciro-gomes","tag-eleicoes-2022","tag-jair-bolsonaro","tag-lula","tag-pesquisa-eleitoral","tag-sergio-moro"],"aioseo_notices":[],"_links":{"self":[{"href":"https:\/\/www.portalalerta.com.br\/index.php\/wp-json\/wp\/v2\/posts\/40961","targetHints":{"allow":["GET"]}}],"collection":[{"href":"https:\/\/www.portalalerta.com.br\/index.php\/wp-json\/wp\/v2\/posts"}],"about":[{"href":"https:\/\/www.portalalerta.com.br\/index.php\/wp-json\/wp\/v2\/types\/post"}],"author":[{"embeddable":true,"href":"https:\/\/www.portalalerta.com.br\/index.php\/wp-json\/wp\/v2\/users\/2"}],"replies":[{"embeddable":true,"href":"https:\/\/www.portalalerta.com.br\/index.php\/wp-json\/wp\/v2\/comments?post=40961"}],"version-history":[{"count":1,"href":"https:\/\/www.portalalerta.com.br\/index.php\/wp-json\/wp\/v2\/posts\/40961\/revisions"}],"predecessor-version":[{"id":40962,"href":"https:\/\/www.portalalerta.com.br\/index.php\/wp-json\/wp\/v2\/posts\/40961\/revisions\/40962"}],"wp:featuredmedia":[{"embeddable":true,"href":"https:\/\/www.portalalerta.com.br\/index.php\/wp-json\/wp\/v2\/media\/40837"}],"wp:attachment":[{"href":"https:\/\/www.portalalerta.com.br\/index.php\/wp-json\/wp\/v2\/media?parent=40961"}],"wp:term":[{"taxonomy":"category","embeddable":true,"href":"https:\/\/www.portalalerta.com.br\/index.php\/wp-json\/wp\/v2\/categories?post=40961"},{"taxonomy":"post_tag","embeddable":true,"href":"https:\/\/www.portalalerta.com.br\/index.php\/wp-json\/wp\/v2\/tags?post=40961"}],"curies":[{"name":"wp","href":"https:\/\/api.w.org\/{rel}","templated":true}]}}