{"id":40963,"date":"2022-02-09T21:34:25","date_gmt":"2022-02-10T00:34:25","guid":{"rendered":"https:\/\/www.portalalerta.com.br\/?p=40963"},"modified":"2022-02-09T21:34:26","modified_gmt":"2022-02-10T00:34:26","slug":"tse-anula-multa-do-candidato-ramon-nunes-em-banzae-ba","status":"publish","type":"post","link":"https:\/\/www.portalalerta.com.br\/index.php\/2022\/02\/09\/tse-anula-multa-do-candidato-ramon-nunes-em-banzae-ba\/","title":{"rendered":"TSE anula multa do candidato Ramon Nunes, em Banza\u00ea-BA"},"content":{"rendered":"\n<p>O TSE em Bras\u00edlia acatou recurso especial da Coliga\u00e7\u00e3o Unidos pela Liberta\u00e7\u00e3o de Banza\u00ea, candidato a Prefeito Ramon Nunes, elei\u00e7\u00f5es 2020.<\/p>\n\n\n\n<!--more-->\n\n\n\n<div class=\"wp-block-image\"><figure class=\"aligncenter size-full\"><img fetchpriority=\"high\" decoding=\"async\" width=\"720\" height=\"181\" src=\"https:\/\/www.portalalerta.com.br\/wp-content\/uploads\/2018\/02\/Auto-Escola-Nobre.jpg\" alt=\"\" class=\"wp-image-4869\" srcset=\"https:\/\/www.portalalerta.com.br\/wp-content\/uploads\/2018\/02\/Auto-Escola-Nobre.jpg 720w, https:\/\/www.portalalerta.com.br\/wp-content\/uploads\/2018\/02\/Auto-Escola-Nobre-260x65.jpg 260w, https:\/\/www.portalalerta.com.br\/wp-content\/uploads\/2018\/02\/Auto-Escola-Nobre-50x13.jpg 50w, https:\/\/www.portalalerta.com.br\/wp-content\/uploads\/2018\/02\/Auto-Escola-Nobre-150x38.jpg 150w\" sizes=\"(max-width: 720px) 100vw, 720px\" \/><\/figure><\/div>\n\n\n\n<p>O pol\u00edtico tinha sido multado em R$ 50 mil por realiza\u00e7\u00e3o de com\u00edcio no Povoado Queimadinha, considerado propaganda eleitoral irregular, decis\u00e3o proferida pelo juiz local, e acatada pelo TER-BA.<\/p>\n\n\n\n<p>Por meio de a\u00e7\u00e3o do Advogado Alexandre Brito a multa foi anulada pelo TSE, decis\u00e3o publicada no \u00faltimo 07 de fevereiro.<\/p>\n\n\n\n<p><em>Fonte: Montenius<\/em><\/p>\n\n\n\n<p><em>Com informa\u00e7\u00f5es: Joilson Costa<\/em><\/p>\n","protected":false},"excerpt":{"rendered":"<p>O TSE em Bras\u00edlia acatou recurso especial da Coliga\u00e7\u00e3o Unidos pela Liberta\u00e7\u00e3o de Banza\u00ea, candidato a Prefeito Ramon Nunes, elei\u00e7\u00f5es 2020.<\/p>\n","protected":false},"author":2,"featured_media":38813,"comment_status":"open","ping_status":"open","sticky":false,"template":"","format":"standard","meta":{"om_disable_all_campaigns":false,"_monsterinsights_skip_tracking":false,"_monsterinsights_sitenote_active":false,"_monsterinsights_sitenote_note":"","_monsterinsights_sitenote_category":0,"footnotes":""},"categories":[39,70,69,21,32],"tags":[49,467,3859,549],"class_list":["post-40963","post","type-post","status-publish","format-standard","has-post-thumbnail","hentry","category-banzae","category-destaques","category-noticias2","category-politica","category-regiao","tag-banzae","tag-multa","tag-ramon-nunes","tag-tse"],"aioseo_notices":[],"_links":{"self":[{"href":"https:\/\/www.portalalerta.com.br\/index.php\/wp-json\/wp\/v2\/posts\/40963","targetHints":{"allow":["GET"]}}],"collection":[{"href":"https:\/\/www.portalalerta.com.br\/index.php\/wp-json\/wp\/v2\/posts"}],"about":[{"href":"https:\/\/www.portalalerta.com.br\/index.php\/wp-json\/wp\/v2\/types\/post"}],"author":[{"embeddable":true,"href":"https:\/\/www.portalalerta.com.br\/index.php\/wp-json\/wp\/v2\/users\/2"}],"replies":[{"embeddable":true,"href":"https:\/\/www.portalalerta.com.br\/index.php\/wp-json\/wp\/v2\/comments?post=40963"}],"version-history":[{"count":1,"href":"https:\/\/www.portalalerta.com.br\/index.php\/wp-json\/wp\/v2\/posts\/40963\/revisions"}],"predecessor-version":[{"id":40964,"href":"https:\/\/www.portalalerta.com.br\/index.php\/wp-json\/wp\/v2\/posts\/40963\/revisions\/40964"}],"wp:featuredmedia":[{"embeddable":true,"href":"https:\/\/www.portalalerta.com.br\/index.php\/wp-json\/wp\/v2\/media\/38813"}],"wp:attachment":[{"href":"https:\/\/www.portalalerta.com.br\/index.php\/wp-json\/wp\/v2\/media?parent=40963"}],"wp:term":[{"taxonomy":"category","embeddable":true,"href":"https:\/\/www.portalalerta.com.br\/index.php\/wp-json\/wp\/v2\/categories?post=40963"},{"taxonomy":"post_tag","embeddable":true,"href":"https:\/\/www.portalalerta.com.br\/index.php\/wp-json\/wp\/v2\/tags?post=40963"}],"curies":[{"name":"wp","href":"https:\/\/api.w.org\/{rel}","templated":true}]}}