{"id":40965,"date":"2022-02-09T21:55:30","date_gmt":"2022-02-10T00:55:30","guid":{"rendered":"https:\/\/www.portalalerta.com.br\/?p=40965"},"modified":"2022-02-09T21:55:32","modified_gmt":"2022-02-10T00:55:32","slug":"diretoria-da-oab-de-serrinha-toma-posse-para-o-trienio-2022-2024","status":"publish","type":"post","link":"https:\/\/www.portalalerta.com.br\/index.php\/2022\/02\/09\/diretoria-da-oab-de-serrinha-toma-posse-para-o-trienio-2022-2024\/","title":{"rendered":"Diretoria da OAB de Serrinha toma posse para o tri\u00eanio 2022-2024"},"content":{"rendered":"\n<p>Em cerim\u00f4nia realizada na manh\u00e3 de quinta-feira (03), foi empossada a diretoria da OAB de Serrinha para o tri\u00eanio 2022-2024. Comandada pelo presidente Nelson Gon\u00e7alves filho, o grupo \u00e9 formado pelo vice-presidente Narciso Lima, secret\u00e1rio-geral Arthur dos Santos, secret\u00e1ria adjunta Maeli Cardoso e tesoureira Gaene Costa. A solenidade foi realizada de forma restrita, por conta da pandemia, e contou com a presen\u00e7a de diretores da OAB-BA, conselheiros seccionais e federais e advogados e advogadas da regi\u00e3o.<br><\/p>\n\n\n\n<!--more-->\n\n\n\n<div class=\"wp-block-image\"><figure class=\"alignleft size-large is-resized\"><img fetchpriority=\"high\" decoding=\"async\" src=\"https:\/\/www.portalalerta.com.br\/wp-content\/uploads\/2021\/10\/Cred-Real-1024x1024.jpeg\" alt=\"\" class=\"wp-image-38729\" width=\"389\" height=\"389\" srcset=\"https:\/\/www.portalalerta.com.br\/wp-content\/uploads\/2021\/10\/Cred-Real-1024x1024.jpeg 1024w, https:\/\/www.portalalerta.com.br\/wp-content\/uploads\/2021\/10\/Cred-Real-240x240.jpeg 240w, https:\/\/www.portalalerta.com.br\/wp-content\/uploads\/2021\/10\/Cred-Real-768x768.jpeg 768w, https:\/\/www.portalalerta.com.br\/wp-content\/uploads\/2021\/10\/Cred-Real-1536x1536.jpeg 1536w, https:\/\/www.portalalerta.com.br\/wp-content\/uploads\/2021\/10\/Cred-Real-146x146.jpeg 146w, https:\/\/www.portalalerta.com.br\/wp-content\/uploads\/2021\/10\/Cred-Real-50x50.jpeg 50w, https:\/\/www.portalalerta.com.br\/wp-content\/uploads\/2021\/10\/Cred-Real-75x75.jpeg 75w, https:\/\/www.portalalerta.com.br\/wp-content\/uploads\/2021\/10\/Cred-Real-85x85.jpeg 85w, https:\/\/www.portalalerta.com.br\/wp-content\/uploads\/2021\/10\/Cred-Real-80x80.jpeg 80w, https:\/\/www.portalalerta.com.br\/wp-content\/uploads\/2021\/10\/Cred-Real.jpeg 1920w\" sizes=\"(max-width: 389px) 100vw, 389px\" \/><\/figure><\/div>\n\n\n\n<p>\u00c0 frente do novo grupo, o presidente Nelson disse que trabalhar\u00e1 pela constru\u00e7\u00e3o de uma OAB forte e combativa, que valorize com respeito a dignidade da profiss\u00e3o e que seja defensora incondicional das prerrogativas da advocacia. <strong><em>\u201cPara que isso aconte\u00e7a, temos que participar. A OAB somos todos n\u00f3s e ela s\u00f3 ser\u00e1 forte e grande o suficiente, se comungarmos juntos desse sentimento\u201d<\/em><\/strong>, disse.<br><br>Em nome da seccional baiana, a presidenta da OAB-BA, Daniela Borges, ratificou o compromisso de sua gest\u00e3o com a advocacia do interior. <strong><em>\u201cSe hoje temos desafios imensos no exerc\u00edcio da profiss\u00e3o, o interior vive desafios ainda maiores, e \u00e9 por isso que estou aqui, hoje, para dizer \u00e0 diretoria que toma posse que a seccional estar\u00e1 ao lado de voc\u00eas em todas as lutas. S\u00f3 a partir da uni\u00e3o, poderemos construir pontes com di\u00e1logo e firmeza\u201d<\/em><\/strong>, destacou.<br><br>O conselheiro federal pela Bahia Fabr\u00edcio Castro disse que a posse representa um momento de celebra\u00e7\u00e3o formal de um novo tempo que a OAB-BA vai viver a partir de hoje. <strong><em>\u201cNelson ser\u00e1 um grande presidente e a subse\u00e7\u00e3o de Serrinha estar\u00e1 em \u00f3timas m\u00e3os\u201d<\/em><\/strong>, ressaltou.<br><br>O presidente da Caixa dos Advogados (CAAB), Maur\u00edcio Leahy, ratificou o compromisso da entidade com a advocacia de Serrinha. <strong><em>\u201cN\u00e3o tenho d\u00favida que ser\u00e1 um desafio muito grande estar \u00e0 frente da Caixa, ap\u00f3s duas grandes gest\u00f5es de Luiz Coutinho, mas quero dizer a miss\u00e3o de servir a classe \u00e9 algo que tem direcionado minha vida\u201d<\/em><\/strong>, concluiu.<\/p>\n\n\n\n<div class=\"wp-block-image\"><figure class=\"aligncenter size-full\"><img decoding=\"async\" width=\"500\" height=\"320\" src=\"https:\/\/www.portalalerta.com.br\/wp-content\/uploads\/2022\/02\/posse-OAB-Serrinha-2022.1.jpg\" alt=\"\" class=\"wp-image-40966\" srcset=\"https:\/\/www.portalalerta.com.br\/wp-content\/uploads\/2022\/02\/posse-OAB-Serrinha-2022.1.jpg 500w, https:\/\/www.portalalerta.com.br\/wp-content\/uploads\/2022\/02\/posse-OAB-Serrinha-2022.1-375x240.jpg 375w, https:\/\/www.portalalerta.com.br\/wp-content\/uploads\/2022\/02\/posse-OAB-Serrinha-2022.1-228x146.jpg 228w, https:\/\/www.portalalerta.com.br\/wp-content\/uploads\/2022\/02\/posse-OAB-Serrinha-2022.1-50x32.jpg 50w, https:\/\/www.portalalerta.com.br\/wp-content\/uploads\/2022\/02\/posse-OAB-Serrinha-2022.1-117x75.jpg 117w\" sizes=\"(max-width: 500px) 100vw, 500px\" \/><\/figure><\/div>\n\n\n\n<p><em>Fonte: Cleriston Silva<\/em><\/p>\n","protected":false},"excerpt":{"rendered":"<p>Em cerim\u00f4nia realizada na manh\u00e3 de quinta-feira (03), foi empossada a diretoria da OAB de Serrinha para o tri\u00eanio 2022-2024. Comandada pelo presidente Nelson Gon\u00e7alves filho, o grupo \u00e9 formado pelo vice-presidente Narciso Lima, secret\u00e1rio-geral Arthur dos Santos, secret\u00e1ria adjunta Maeli Cardoso e tesoureira Gaene Costa. A solenidade foi realizada de forma restrita, por conta &hellip;<\/p>\n","protected":false},"author":2,"featured_media":40967,"comment_status":"open","ping_status":"open","sticky":false,"template":"","format":"standard","meta":{"om_disable_all_campaigns":false,"_monsterinsights_skip_tracking":false,"_monsterinsights_sitenote_active":false,"_monsterinsights_sitenote_note":"","_monsterinsights_sitenote_category":0,"footnotes":""},"categories":[40,5,41,33,39,4,13,70,17,10,6,69,14,43,32,16,3,12],"tags":[54,1331,603,176],"class_list":["post-40965","post","type-post","status-publish","format-standard","has-post-thumbnail","hentry","category-adustina","category-antas","category-araci","category-bahia","category-banzae","category-cicero-dantas","category-cipo","category-destaques","category-euclides-da-cunha","category-fatima","category-heliopolis","category-noticias2","category-nova-soure","category-quijingue","category-regiao","category-ribeira-do-amparo","category-ribeira-do-pombal","category-tucano","tag-bahia","tag-oab","tag-posse","tag-serrinha"],"aioseo_notices":[],"_links":{"self":[{"href":"https:\/\/www.portalalerta.com.br\/index.php\/wp-json\/wp\/v2\/posts\/40965","targetHints":{"allow":["GET"]}}],"collection":[{"href":"https:\/\/www.portalalerta.com.br\/index.php\/wp-json\/wp\/v2\/posts"}],"about":[{"href":"https:\/\/www.portalalerta.com.br\/index.php\/wp-json\/wp\/v2\/types\/post"}],"author":[{"embeddable":true,"href":"https:\/\/www.portalalerta.com.br\/index.php\/wp-json\/wp\/v2\/users\/2"}],"replies":[{"embeddable":true,"href":"https:\/\/www.portalalerta.com.br\/index.php\/wp-json\/wp\/v2\/comments?post=40965"}],"version-history":[{"count":1,"href":"https:\/\/www.portalalerta.com.br\/index.php\/wp-json\/wp\/v2\/posts\/40965\/revisions"}],"predecessor-version":[{"id":40968,"href":"https:\/\/www.portalalerta.com.br\/index.php\/wp-json\/wp\/v2\/posts\/40965\/revisions\/40968"}],"wp:featuredmedia":[{"embeddable":true,"href":"https:\/\/www.portalalerta.com.br\/index.php\/wp-json\/wp\/v2\/media\/40967"}],"wp:attachment":[{"href":"https:\/\/www.portalalerta.com.br\/index.php\/wp-json\/wp\/v2\/media?parent=40965"}],"wp:term":[{"taxonomy":"category","embeddable":true,"href":"https:\/\/www.portalalerta.com.br\/index.php\/wp-json\/wp\/v2\/categories?post=40965"},{"taxonomy":"post_tag","embeddable":true,"href":"https:\/\/www.portalalerta.com.br\/index.php\/wp-json\/wp\/v2\/tags?post=40965"}],"curies":[{"name":"wp","href":"https:\/\/api.w.org\/{rel}","templated":true}]}}