{"id":40969,"date":"2022-02-09T22:04:00","date_gmt":"2022-02-10T01:04:00","guid":{"rendered":"https:\/\/www.portalalerta.com.br\/?p=40969"},"modified":"2022-02-09T22:04:01","modified_gmt":"2022-02-10T01:04:01","slug":"homem-acusado-de-trafico-de-drogas-em-adustina-ba-e-preso-em-cicero-dantas-ba","status":"publish","type":"post","link":"https:\/\/www.portalalerta.com.br\/index.php\/2022\/02\/09\/homem-acusado-de-trafico-de-drogas-em-adustina-ba-e-preso-em-cicero-dantas-ba\/","title":{"rendered":"Homem acusado de tr\u00e1fico de drogas em Adustina-BA \u00e9 preso em C\u00edcero Dantas-BA"},"content":{"rendered":"\n<p>Por volta das 09:30hs desta quarta-feira (09), policiais civis de C\u00edcero Dantas-BA cumpriram um mandado de pris\u00e3o em desfavor de um homem acusado de tr\u00e1fico de drogas.<\/p>\n\n\n\n<!--more-->\n\n\n\n<p>O mandado de pris\u00e3o \u00e9 oriundo da Comarca de Paripiranga-BA, tendo em vista que o acusado teria cometido o crime em Adustina-BA. O homem foi identificado pelas iniciais C dos S.D, e foi localizado na Rua do Sindicato, centro de C\u00edcero Dantas.<\/p>\n\n\n\n<p>Ap\u00f3s a pris\u00e3o, o criminoso foi conduzido e apresentado na Delegacia de Pol\u00edcia Civil para a ado\u00e7\u00e3o das medidas cab\u00edveis.<\/p>\n\n\n\n<p><em>Reda\u00e7\u00e3o: Portal Alerta<\/em><\/p>\n","protected":false},"excerpt":{"rendered":"<p>Por volta das 09:30hs desta quarta-feira (09), policiais civis de C\u00edcero Dantas-BA cumpriram um mandado de pris\u00e3o em desfavor de um homem acusado de tr\u00e1fico de drogas.<\/p>\n","protected":false},"author":2,"featured_media":33427,"comment_status":"open","ping_status":"open","sticky":false,"template":"","format":"standard","meta":{"om_disable_all_campaigns":false,"_monsterinsights_skip_tracking":false,"_monsterinsights_sitenote_active":false,"_monsterinsights_sitenote_note":"","_monsterinsights_sitenote_category":0,"footnotes":""},"categories":[40,4,70,69,32,22],"tags":[100,75,488,77,76],"class_list":["post-40969","post","type-post","status-publish","format-standard","has-post-thumbnail","hentry","category-adustina","category-cicero-dantas","category-destaques","category-noticias2","category-regiao","category-seguranca","tag-adustina","tag-cicero-dantas","tag-mandado-de-prisao","tag-preso","tag-trafico-de-drogas"],"aioseo_notices":[],"_links":{"self":[{"href":"https:\/\/www.portalalerta.com.br\/index.php\/wp-json\/wp\/v2\/posts\/40969","targetHints":{"allow":["GET"]}}],"collection":[{"href":"https:\/\/www.portalalerta.com.br\/index.php\/wp-json\/wp\/v2\/posts"}],"about":[{"href":"https:\/\/www.portalalerta.com.br\/index.php\/wp-json\/wp\/v2\/types\/post"}],"author":[{"embeddable":true,"href":"https:\/\/www.portalalerta.com.br\/index.php\/wp-json\/wp\/v2\/users\/2"}],"replies":[{"embeddable":true,"href":"https:\/\/www.portalalerta.com.br\/index.php\/wp-json\/wp\/v2\/comments?post=40969"}],"version-history":[{"count":1,"href":"https:\/\/www.portalalerta.com.br\/index.php\/wp-json\/wp\/v2\/posts\/40969\/revisions"}],"predecessor-version":[{"id":40970,"href":"https:\/\/www.portalalerta.com.br\/index.php\/wp-json\/wp\/v2\/posts\/40969\/revisions\/40970"}],"wp:featuredmedia":[{"embeddable":true,"href":"https:\/\/www.portalalerta.com.br\/index.php\/wp-json\/wp\/v2\/media\/33427"}],"wp:attachment":[{"href":"https:\/\/www.portalalerta.com.br\/index.php\/wp-json\/wp\/v2\/media?parent=40969"}],"wp:term":[{"taxonomy":"category","embeddable":true,"href":"https:\/\/www.portalalerta.com.br\/index.php\/wp-json\/wp\/v2\/categories?post=40969"},{"taxonomy":"post_tag","embeddable":true,"href":"https:\/\/www.portalalerta.com.br\/index.php\/wp-json\/wp\/v2\/tags?post=40969"}],"curies":[{"name":"wp","href":"https:\/\/api.w.org\/{rel}","templated":true}]}}