{"id":40973,"date":"2022-02-10T07:01:00","date_gmt":"2022-02-10T10:01:00","guid":{"rendered":"https:\/\/www.portalalerta.com.br\/?p=40973"},"modified":"2022-02-09T22:31:16","modified_gmt":"2022-02-10T01:31:16","slug":"ciencia-estudantes-de-araci-ba-desenvolvem-prototipo-para-aferir-glicose-atraves-da-saliva","status":"publish","type":"post","link":"https:\/\/www.portalalerta.com.br\/index.php\/2022\/02\/10\/ciencia-estudantes-de-araci-ba-desenvolvem-prototipo-para-aferir-glicose-atraves-da-saliva\/","title":{"rendered":"Ci\u00eancia: Estudantes de Araci-BA desenvolvem prot\u00f3tipo para aferir glicose atrav\u00e9s da saliva"},"content":{"rendered":"\n<p><a href=\"https:\/\/avozdocampo.com\/index.php\/2022\/02\/08\/ciencia-estudantes-de-araci-desenvolvem-prototipo-para-aferir-glicose-atraves-da-saliva\/\">&nbsp;<\/a>Com a finalidade de promover uma alternativa mais confort\u00e1vel ao paciente diab\u00e9tico voltada ao automonitoramento constante de seus n\u00edveis glic\u00eamicos, os estudantes do curso t\u00e9cnico de n\u00edvel m\u00e9dio em An\u00e1lises Cl\u00ednicas, do Centro Territorial de Educa\u00e7\u00e3o Profissional (CETEP) do Sisal II, na cidade de Araci, regi\u00e3o sisaleira da Bahia, est\u00e3o trabalhando no projeto <strong>\u201cProt\u00f3tipo n\u00e3o invasivo para controle glic\u00eamico a partir do fluido salivar\u201d<\/strong>.<\/p>\n\n\n\n<!--more-->\n\n\n\n<p>O projeto conquistou o 1\u00ba lugar na categoria <strong>\u201cCi\u00eancias Exatas e Engenharia\u201d<\/strong> e venceu as categorias <strong>\u201cReconhecimento Cient\u00edfico: Men\u00e7\u00e3o Honrosa\u201d<\/strong> e <strong>\u201cReconhecimento Cient\u00edfico: Projeto Inovador\u201d<\/strong>, na 9\u00aa Feira de Ci\u00eancias, Empreendedorismo e Inova\u00e7\u00e3o da Bahia (FECIBA), realizada de forma on-line, em dezembro de 2021.<\/p>\n\n\n\n<p>A estudante Isla Santana, de 17 anos, falou da import\u00e2ncia de participar do projeto. <strong><em>\u201cAl\u00e9m de desenvolver um m\u00e9todo confort\u00e1vel, a ideia do projeto surgiu tamb\u00e9m da possibilidade de conseguir ajudar as pessoas diab\u00e9ticas que n\u00e3o possuem uma estabilidade financeira, j\u00e1 que os dispositivos mais usuais de automonitoramento glic\u00eamico costumam ter um valor um pouco elevado. Ter a oportunidade de contribuir com a Ci\u00eancia e atuar em algo que traz benef\u00edcios \u00e0 sa\u00fade p\u00fablica e que pode melhorar a qualidade de vida de muitas pessoas n\u00e3o t\u00eam pre\u00e7o\u201d<\/em><\/strong>.<\/p>\n\n\n\n<div class=\"wp-block-image\"><figure class=\"aligncenter size-full\"><img fetchpriority=\"high\" decoding=\"async\" width=\"720\" height=\"181\" src=\"https:\/\/www.portalalerta.com.br\/wp-content\/uploads\/2018\/02\/Auto-Escola-Nobre.jpg\" alt=\"\" class=\"wp-image-4869\" srcset=\"https:\/\/www.portalalerta.com.br\/wp-content\/uploads\/2018\/02\/Auto-Escola-Nobre.jpg 720w, https:\/\/www.portalalerta.com.br\/wp-content\/uploads\/2018\/02\/Auto-Escola-Nobre-260x65.jpg 260w, https:\/\/www.portalalerta.com.br\/wp-content\/uploads\/2018\/02\/Auto-Escola-Nobre-50x13.jpg 50w, https:\/\/www.portalalerta.com.br\/wp-content\/uploads\/2018\/02\/Auto-Escola-Nobre-150x38.jpg 150w\" sizes=\"(max-width: 720px) 100vw, 720px\" \/><\/figure><\/div>\n\n\n\n<p>Fl\u00e1vio Rafael de Oliveira, de 17 anos, que tamb\u00e9m atua na pesquisa, falou sobre o diferencial do projeto. <strong><em>\u201c\u00c9 de extrema import\u00e2ncia haver uma alternativa confort\u00e1vel e mais natural para as pessoas diab\u00e9ticas e, por isso, estamos tentando dar a simplicidade de volta \u00e0 vida dessas pessoas. Para mim, n\u00e3o existe pr\u00eamio melhor que pode dar essa contribui\u00e7\u00e3o \u00e0 sociedade. Queremos que nosso prot\u00f3tipo seja democr\u00e1tico e que todas as pessoas que t\u00eam diabetes possam ter acesso a ele. A Ci\u00eancia existe para isso, para o bem da humanidade e tem como objetivo melhorar a vida das pessoas. Poder contribuir para esse objetivo \u00e9 como um presente, o melhor que eu poderia pedir,\u201d<\/em><\/strong> disse Rafael.<\/p>\n\n\n\n<p>A orientadora Pachiele Cabral falou do alcance social do projeto. <strong><em>\u201cA pesquisa est\u00e1 possibilitando colocar em pr\u00e1tica os conhecimentos adquiridos no decorrer do curso. Orientar o trabalho \u00e9 uma oportunidade \u00edmpar, por toda a sua relev\u00e2ncia social em possibilitar qualidade de vida aos indiv\u00edduos diab\u00e9ticos ao conseguirem medir seus \u00edndices glic\u00eamicos a partir da saliva, n\u00e3o havendo necessidade de furos na derme, diariamente, na coleta de sangue\u201d<\/em><\/strong>.<\/p>\n\n\n\n<p><em>Fonte: A Voz do Campo<\/em><\/p>\n","protected":false},"excerpt":{"rendered":"<p>&nbsp;Com a finalidade de promover uma alternativa mais confort\u00e1vel ao paciente diab\u00e9tico voltada ao automonitoramento constante de seus n\u00edveis glic\u00eamicos, os estudantes do curso t\u00e9cnico de n\u00edvel m\u00e9dio em An\u00e1lises Cl\u00ednicas, do Centro Territorial de Educa\u00e7\u00e3o Profissional (CETEP) do Sisal II, na cidade de Araci, regi\u00e3o sisaleira da Bahia, est\u00e3o trabalhando no projeto \u201cProt\u00f3tipo n\u00e3o &hellip;<\/p>\n","protected":false},"author":2,"featured_media":40975,"comment_status":"open","ping_status":"open","sticky":false,"template":"","format":"standard","meta":{"om_disable_all_campaigns":false,"_monsterinsights_skip_tracking":false,"_monsterinsights_sitenote_active":false,"_monsterinsights_sitenote_note":"","_monsterinsights_sitenote_category":0,"footnotes":""},"categories":[41,70,20,69,19],"tags":[48,4434,812,140,61],"class_list":["post-40973","post","type-post","status-publish","format-standard","has-post-thumbnail","hentry","category-araci","category-destaques","category-educacao","category-noticias2","category-saude","tag-araci","tag-ciencia","tag-diabetes","tag-educacao","tag-saude"],"aioseo_notices":[],"_links":{"self":[{"href":"https:\/\/www.portalalerta.com.br\/index.php\/wp-json\/wp\/v2\/posts\/40973","targetHints":{"allow":["GET"]}}],"collection":[{"href":"https:\/\/www.portalalerta.com.br\/index.php\/wp-json\/wp\/v2\/posts"}],"about":[{"href":"https:\/\/www.portalalerta.com.br\/index.php\/wp-json\/wp\/v2\/types\/post"}],"author":[{"embeddable":true,"href":"https:\/\/www.portalalerta.com.br\/index.php\/wp-json\/wp\/v2\/users\/2"}],"replies":[{"embeddable":true,"href":"https:\/\/www.portalalerta.com.br\/index.php\/wp-json\/wp\/v2\/comments?post=40973"}],"version-history":[{"count":1,"href":"https:\/\/www.portalalerta.com.br\/index.php\/wp-json\/wp\/v2\/posts\/40973\/revisions"}],"predecessor-version":[{"id":40976,"href":"https:\/\/www.portalalerta.com.br\/index.php\/wp-json\/wp\/v2\/posts\/40973\/revisions\/40976"}],"wp:featuredmedia":[{"embeddable":true,"href":"https:\/\/www.portalalerta.com.br\/index.php\/wp-json\/wp\/v2\/media\/40975"}],"wp:attachment":[{"href":"https:\/\/www.portalalerta.com.br\/index.php\/wp-json\/wp\/v2\/media?parent=40973"}],"wp:term":[{"taxonomy":"category","embeddable":true,"href":"https:\/\/www.portalalerta.com.br\/index.php\/wp-json\/wp\/v2\/categories?post=40973"},{"taxonomy":"post_tag","embeddable":true,"href":"https:\/\/www.portalalerta.com.br\/index.php\/wp-json\/wp\/v2\/tags?post=40973"}],"curies":[{"name":"wp","href":"https:\/\/api.w.org\/{rel}","templated":true}]}}